{"id":3905,"date":"2025-04-29T08:58:57","date_gmt":"2025-04-29T06:58:57","guid":{"rendered":"https:\/\/www.emag.com\/blog\/?p=3905"},"modified":"2025-04-29T08:58:57","modified_gmt":"2025-04-29T06:58:57","slug":"die-zukunft-der-cnc-steuerung","status":"publish","type":"post","link":"https:\/\/www.emag.com\/blog\/die-zukunft-der-cnc-steuerung\/","title":{"rendered":"Die Zukunft der CNC-Steuerung bei EMAG: Ralf Mayer im Gespr\u00e4ch"},"content":{"rendered":"<p><strong>Das 19&#8243; FANUC iHMI Bedienpanel von EMAG vereint modernste Steuerungstechnik mit ergonomischem Design. Ralf Mayer, Leiter EDNA Operations bei EMAG, gibt einen Einblick in die technischen Spezifikationen und Hintergr\u00fcnde des neuen HMI.<\/strong><\/p>\n<p><!--more--><\/p>\n<h3>K\u00f6nnen Sie uns zun\u00e4chst einen \u00dcberblick \u00fcber das neue 19&#8220;-Bedienpanel mit FANUC iHMI geben?<\/h3>\n<p>Unser neues 19&#8220; Bedienpanel mit FANUC iHMI ist eine hochmoderne Benutzeroberfl\u00e4che, die wir speziell f\u00fcr unsere Vertikaldrehmaschinen VL und VT appliziert haben. Es verbindet fortschrittliche Technologie mit intuitiver Bedienung und zielt darauf ab, die Effizienz und Benutzerfreundlichkeit in der Fertigung deutlich zu steigern.<\/p>\n<p>&nbsp;<\/p>\n<h3>Was waren die Hauptziele bei der Entwicklung dieses neuen Bedienpanels?<\/h3>\n<p>Unsere Hauptziele waren die Verbesserung der Ergonomie, die Steigerung der Bedieneffizienz und die Optimierung der Benutzerfreundlichkeit. Wir wollten ein System schaffen, das unseren Kunden hilft, ihre Produktivit\u00e4t zu steigern und gleichzeitig die Bedienung der Maschinen zu vereinfachen.<\/p>\n<p>&nbsp;<\/p>\n<h3>K\u00f6nnen Sie uns mehr \u00fcber die ergonomischen Aspekte des Panels erz\u00e4hlen?<\/h3>\n<p>Nat\u00fcrlich. Ein wesentliches Merkmal ist der schwenkbare 19-Zoll-Multitouch-Bildschirm. Er l\u00e4sst sich flexibel positionieren, was eine komfortable Bedienung erm\u00f6glicht und Erm\u00fcdungserscheinungen bei l\u00e4ngerer Nutzung reduziert. Zudem bietet die gro\u00dfe, interaktive Oberfl\u00e4che ausreichend Platz, um alle wichtigen Informationen auf einen Blick zu erfassen.<\/p>\n<div id=\"attachment_3906\" style=\"width: 989px\" class=\"wp-caption alignnone\"><img decoding=\"async\" aria-describedby=\"caption-attachment-3906\" class=\"size-full wp-image-3906\" src=\"https:\/\/www.emag.com\/blog\/wp-content\/uploads\/2025\/04\/Blog_Bilder_VL-VT__979x781px_VL3DUO.jpg\" alt=\"Flexibel schwenkbares 19'' Multitouch-Bedienpanel\" width=\"979\" height=\"781\" srcset=\"https:\/\/www.emag.com\/blog\/wp-content\/uploads\/2025\/04\/Blog_Bilder_VL-VT__979x781px_VL3DUO.jpg 979w, https:\/\/www.emag.com\/blog\/wp-content\/uploads\/2025\/04\/Blog_Bilder_VL-VT__979x781px_VL3DUO-300x239.jpg 300w, https:\/\/www.emag.com\/blog\/wp-content\/uploads\/2025\/04\/Blog_Bilder_VL-VT__979x781px_VL3DUO-768x613.jpg 768w, https:\/\/www.emag.com\/blog\/wp-content\/uploads\/2025\/04\/Blog_Bilder_VL-VT__979x781px_VL3DUO-585x467.jpg 585w\" sizes=\"(max-width: 979px) 100vw, 979px\" \/><p id=\"caption-attachment-3906\" class=\"wp-caption-text\">Schwenkbares 19-Zoll-Multitouch-Bedienpanel mit gro\u00dfer interaktiver Oberfl\u00e4che, flexibel positionierbar f\u00fcr ergonomische Bedienung an einer Werkzeugmaschine.<\/p><\/div>\n<p>&nbsp;<\/p>\n<h3>Wie haben Sie die Bedienbarkeit verbessert?<\/h3>\n<p>Wir haben verschiedene Elemente integriert, um die Benutzerfreundlichkeit zu optimieren. Dazu geh\u00f6ren eine integrierte QWERTY-Tastatur f\u00fcr schnelle Eingaben sowie ein speziell entwickeltes Maschinen-Bedienfeld f\u00fcr den direkten Zugriff auf h\u00e4ufig genutzte Funktionen. Au\u00dferdem haben wir die Benutzeroberfl\u00e4che intuitiv gestaltet, mit kategorisierten Anwendungen und einer vertikalen Shortcut-Leiste f\u00fcr den schnellen Zugriff auf wichtige Funktionen.<\/p>\n<div id=\"attachment_3907\" style=\"width: 710px\" class=\"wp-caption alignnone\"><img decoding=\"async\" aria-describedby=\"caption-attachment-3907\" class=\"wp-image-3907\" src=\"https:\/\/www.emag.com\/blog\/wp-content\/uploads\/2025\/04\/Blog_Bilder_VL-VT__979x781px_panel.jpg\" alt=\"Nahaufnahme eines Bedienpanels mit integrierter QWERTY-Tastatur und Maschinenbedienfeld.\" width=\"700\" height=\"558\" srcset=\"https:\/\/www.emag.com\/blog\/wp-content\/uploads\/2025\/04\/Blog_Bilder_VL-VT__979x781px_panel.jpg 979w, https:\/\/www.emag.com\/blog\/wp-content\/uploads\/2025\/04\/Blog_Bilder_VL-VT__979x781px_panel-300x239.jpg 300w, https:\/\/www.emag.com\/blog\/wp-content\/uploads\/2025\/04\/Blog_Bilder_VL-VT__979x781px_panel-768x613.jpg 768w, https:\/\/www.emag.com\/blog\/wp-content\/uploads\/2025\/04\/Blog_Bilder_VL-VT__979x781px_panel-585x467.jpg 585w\" sizes=\"(max-width: 700px) 100vw, 700px\" \/><p id=\"caption-attachment-3907\" class=\"wp-caption-text\">Effizienzsteigerung durch integrierte QWERTY-Tastatur und Maschinenbedienfeld. Verschiedene Tasten und Steuerelemente f\u00fcr h\u00e4ufig genutzte Funktionen sind vorhanden.<\/p><\/div>\n<p>&nbsp;<\/p>\n<h3>Wie sieht es mit der Software aus? Welche Funktionalit\u00e4ten bietet das FANUC iHMI?<\/h3>\n<p>Das FANUC iHMI bietet eine Reihe von erweiterten Funktionen. Wir haben EMAG spezifische Eingabe- und Diagnosemasken integriert, die die Steuerung und Fehlerdiagnose optimieren. Ein integrierter Passwortmanager erm\u00f6glicht benutzerdefinierte Schutzstufen. Besonders stolz sind wir auf unsere neue Merkmalskorrektur die unter dem Namen \u201eFeatureCorrection\u201c eine komplette \u00dcberarbeitung erhalten hat.<\/p>\n<p>&nbsp;<\/p>\n<h3>Wie unterst\u00fctzt das neue NC-System den Programmierer?<\/h3>\n<p>F\u00fcr Programmierer haben wir einige n\u00fctzliche Werkzeuge integriert. Der Programmeditor verf\u00fcgt \u00fcber Syntaxhighlighting und eine strukturierte Darstellung, was die Programmierung erheblich erleichtert. Der Fanuc Programm-Manager optimiert die Verwaltung von NC-Programmen. Ein weiteres Highlight ist der G-Code Guidance, der beim Parametrieren und Einf\u00fcgen von Bearbeitungszyklen unterst\u00fctzt.<\/p>\n<p>&nbsp;<\/p>\n<h3>Das klingt sehr umfangreich. Gibt es weitere Funktionen, die Sie hervorheben m\u00f6chten?<\/h3>\n<p>Auf jeden Fall. Eine Funktion, die bei unseren Kunden sehr gut ankommt, ist die realit\u00e4tsnahe Bearbeitungssimulation. Sie erm\u00f6glicht die freie Drehung des Werkst\u00fccks um 3 Achsen und bietet die M\u00f6glichkeit, innerhalb der Simulation manuell zu vermessen und kann so Fehler vor der eigentlichen Bearbeitung reduzieren.<\/p>\n<div id=\"attachment_3908\" style=\"width: 710px\" class=\"wp-caption alignnone\"><img decoding=\"async\" aria-describedby=\"caption-attachment-3908\" class=\"wp-image-3908\" src=\"https:\/\/www.emag.com\/blog\/wp-content\/uploads\/2025\/04\/Blog_Bilder_VL-VT__979x781px_1.jpg\" alt=\"Bildschirmansicht der 3D-Simulation des Werkst\u00fccks. \" width=\"700\" height=\"558\" srcset=\"https:\/\/www.emag.com\/blog\/wp-content\/uploads\/2025\/04\/Blog_Bilder_VL-VT__979x781px_1.jpg 979w, https:\/\/www.emag.com\/blog\/wp-content\/uploads\/2025\/04\/Blog_Bilder_VL-VT__979x781px_1-300x239.jpg 300w, https:\/\/www.emag.com\/blog\/wp-content\/uploads\/2025\/04\/Blog_Bilder_VL-VT__979x781px_1-768x613.jpg 768w, https:\/\/www.emag.com\/blog\/wp-content\/uploads\/2025\/04\/Blog_Bilder_VL-VT__979x781px_1-585x467.jpg 585w\" sizes=\"(max-width: 700px) 100vw, 700px\" \/><p id=\"caption-attachment-3908\" class=\"wp-caption-text\">Bildschirmansicht der 3D-Simulation des Werkst\u00fccks. In der Mitte ein detailliertes 3D-Modell des Werkst\u00fccks, das frei um drei Achsen gedreht werden kann. Um das Modell herum die Bedienelemente f\u00fcr die Drehung. Am unteren Bildrand Werkzeuge zur manuellen Messung, einschlie\u00dflich L\u00e4ngen- und Winkelmessung. Die Benutzerschnittstelle erm\u00f6glicht die interaktive Kontrolle und Analyse des virtuellen Werkst\u00fccks vor der eigentlichen Bearbeitung.<\/p><\/div>\n<p>&nbsp;<\/p>\n<h3>Und die Dokumentation? Oft ein kritischer Punkt in der Fertigung.<\/h3>\n<p>Dem stimme ich zu, und wir haben darauf geachtet, diesen Aspekt zu optimieren. Wichtige Dokumente wie Wartungshandb\u00fccher und Schaltpl\u00e4ne sind direkt an der Steuerung verf\u00fcgbar. Zus\u00e4tzlich kann der Anwender eigene Dokumente importieren und jederzeit darauf zugreifen. Das spart Zeit und vermeidet Fehler.<\/p>\n<p>&nbsp;<\/p>\n<h3>Wie sehen Sie die Zukunft der Maschinensteuerung und welche Rolle spielt dabei das neue Bedienpanel?<\/h3>\n<p>Die Zukunft der Maschinensteuerung liegt in der Kombination von Bedienerfreundlichkeit, Effizienz und fortschrittlicher Technologie. Unser neues 19&#8243;-Bedienpanel mit FANUC iHMI ist ein wichtiger Schritt in diese Richtung. Es erm\u00f6glicht unseren Kunden, ihre Fertigungsprozesse zu optimieren und gleichzeitig die Bedienung zu vereinfachen. Wir sehen es als Basis f\u00fcr weitere Entwicklungen, insbesondere im Bereich der Vernetzung und Datenanalyse.<\/p>\n<p>&nbsp;<\/p>\n<h3><a href=\"https:\/\/www.emag.com\/de\/produkte-services\/digitalisierung\/fanuc-ihmi-bedienpanel\/\" target=\"_blank\" rel=\"noopener\"><span style=\"color: #004d96\">Erfahren Sie hier mehr \u00fcber das Zusammenspiel unserer Maschinen mit dem FANUC iHMI.<\/span><\/a><\/h3>\n","protected":false},"excerpt":{"rendered":"<p>EMAG pr\u00e4sentiert das neue 19&#8220; Bedienpanel mit FANUC iHMI. Ralf Mayer erkl\u00e4rt die Vorteile f\u00fcr moderne Fertigungsprozesse.<\/p>\n","protected":false},"author":13,"featured_media":3909,"comment_status":"closed","ping_status":"closed","sticky":false,"template":"","format":"standard","meta":{"_lmt_disableupdate":"no","_lmt_disable":"","editor_notices":[],"footnotes":""},"categories":[2043,67],"tags":[2082,2083,2078,2079,2081,2080,2084],"class_list":["post-3905","post","type-post","status-publish","format-standard","has-post-thumbnail","hentry","category-featured","category-maschinen","tag-19-zoll-panel","tag-cnc-programmierung","tag-emag-bedienpanel","tag-fanuc-ihmi","tag-fertigungsoptimierung","tag-maschinensteuerung","tag-werkzeugverwaltung"],"yoast_head":"<!-- This site is optimized with the Yoast SEO plugin v27.0 - https:\/\/yoast.com\/product\/yoast-seo-wordpress\/ -->\n<title>EMAG: Neues 19&#039;&#039; FANUC iHMI Bedienpanel vorgestellt<\/title>\n<meta name=\"description\" content=\"EMAG pr\u00e4sentiert das neue 19&#039;&#039; Bedienpanel mit FANUC iHMI. Ralf Mayer erkl\u00e4rt die Vorteile f\u00fcr moderne Fertigungsprozesse.\" \/>\n<meta name=\"robots\" content=\"index, follow, max-snippet:-1, max-image-preview:large, max-video-preview:-1\" \/>\n<link rel=\"canonical\" href=\"https:\/\/www.emag.com\/blog\/die-zukunft-der-cnc-steuerung\/\" \/>\n<meta property=\"og:locale\" content=\"de_DE\" \/>\n<meta property=\"og:type\" content=\"article\" \/>\n<meta property=\"og:title\" content=\"EMAG: Neues 19&#039;&#039; FANUC iHMI Bedienpanel vorgestellt\" \/>\n<meta property=\"og:description\" content=\"EMAG pr\u00e4sentiert das neue 19&#039;&#039; Bedienpanel mit FANUC iHMI. Ralf Mayer erkl\u00e4rt die Vorteile f\u00fcr moderne Fertigungsprozesse.\" \/>\n<meta property=\"og:url\" content=\"https:\/\/www.emag.com\/blog\/die-zukunft-der-cnc-steuerung\/\" \/>\n<meta property=\"og:site_name\" content=\"EMAG \u2013 Unser Unternehmensblog\" \/>\n<meta property=\"article:publisher\" content=\"https:\/\/www.facebook.com\/EMAGGroup\" \/>\n<meta property=\"article:published_time\" content=\"2025-04-29T06:58:57+00:00\" \/>\n<meta property=\"og:image\" content=\"https:\/\/www.emag.com\/blog\/wp-content\/uploads\/2025\/04\/Blog_Header_VL-VT__1170x781px_de.jpg\" \/>\n\t<meta property=\"og:image:width\" content=\"1170\" \/>\n\t<meta property=\"og:image:height\" content=\"781\" \/>\n\t<meta property=\"og:image:type\" content=\"image\/jpeg\" \/>\n<meta name=\"author\" content=\"Oliver Hagenlocher\" \/>\n<meta name=\"twitter:card\" content=\"summary_large_image\" \/>\n<meta name=\"twitter:creator\" content=\"@EMAGGroup\" \/>\n<meta name=\"twitter:site\" content=\"@EMAGGroup\" \/>\n<meta name=\"twitter:label1\" content=\"Verfasst von\" \/>\n\t<meta name=\"twitter:data1\" content=\"Oliver Hagenlocher\" \/>\n\t<meta name=\"twitter:label2\" content=\"Gesch\u00e4tzte Lesezeit\" \/>\n\t<meta name=\"twitter:data2\" content=\"5\u00a0Minuten\" \/>\n<script type=\"application\/ld+json\" class=\"yoast-schema-graph\">{\"@context\":\"https:\/\/schema.org\",\"@graph\":[{\"@type\":\"Article\",\"@id\":\"https:\/\/www.emag.com\/blog\/die-zukunft-der-cnc-steuerung\/#article\",\"isPartOf\":{\"@id\":\"https:\/\/www.emag.com\/blog\/die-zukunft-der-cnc-steuerung\/\"},\"author\":{\"name\":\"Oliver Hagenlocher\",\"@id\":\"https:\/\/www.emag.com\/blog\/#\/schema\/person\/9ae8c8fc62dc80b80a172bf9b201adb6\"},\"headline\":\"Die Zukunft der CNC-Steuerung bei EMAG: Ralf Mayer im Gespr\u00e4ch\",\"datePublished\":\"2025-04-29T06:58:57+00:00\",\"mainEntityOfPage\":{\"@id\":\"https:\/\/www.emag.com\/blog\/die-zukunft-der-cnc-steuerung\/\"},\"wordCount\":728,\"publisher\":{\"@id\":\"https:\/\/www.emag.com\/blog\/#organization\"},\"image\":{\"@id\":\"https:\/\/www.emag.com\/blog\/die-zukunft-der-cnc-steuerung\/#primaryimage\"},\"thumbnailUrl\":\"https:\/\/www.emag.com\/blog\/wp-content\/uploads\/2025\/04\/Blog_Header_VL-VT__1170x781px_de.jpg\",\"keywords\":[\"19 Zoll-Panel\",\"CNC-Programmierung\",\"EMAG Bedienpanel\",\"FANUC iHMI\",\"Fertigungsoptimierung\",\"Maschinensteuerung\",\"Werkzeugverwaltung\"],\"articleSection\":[\"Featured\",\"Maschinen\"],\"inLanguage\":\"de\"},{\"@type\":\"WebPage\",\"@id\":\"https:\/\/www.emag.com\/blog\/die-zukunft-der-cnc-steuerung\/\",\"url\":\"https:\/\/www.emag.com\/blog\/die-zukunft-der-cnc-steuerung\/\",\"name\":\"EMAG: Neues 19'' FANUC iHMI Bedienpanel vorgestellt\",\"isPartOf\":{\"@id\":\"https:\/\/www.emag.com\/blog\/#website\"},\"primaryImageOfPage\":{\"@id\":\"https:\/\/www.emag.com\/blog\/die-zukunft-der-cnc-steuerung\/#primaryimage\"},\"image\":{\"@id\":\"https:\/\/www.emag.com\/blog\/die-zukunft-der-cnc-steuerung\/#primaryimage\"},\"thumbnailUrl\":\"https:\/\/www.emag.com\/blog\/wp-content\/uploads\/2025\/04\/Blog_Header_VL-VT__1170x781px_de.jpg\",\"datePublished\":\"2025-04-29T06:58:57+00:00\",\"description\":\"EMAG pr\u00e4sentiert das neue 19'' Bedienpanel mit FANUC iHMI. Ralf Mayer erkl\u00e4rt die Vorteile f\u00fcr moderne Fertigungsprozesse.\",\"breadcrumb\":{\"@id\":\"https:\/\/www.emag.com\/blog\/die-zukunft-der-cnc-steuerung\/#breadcrumb\"},\"inLanguage\":\"de\",\"potentialAction\":[{\"@type\":\"ReadAction\",\"target\":[\"https:\/\/www.emag.com\/blog\/die-zukunft-der-cnc-steuerung\/\"]}]},{\"@type\":\"ImageObject\",\"inLanguage\":\"de\",\"@id\":\"https:\/\/www.emag.com\/blog\/die-zukunft-der-cnc-steuerung\/#primaryimage\",\"url\":\"https:\/\/www.emag.com\/blog\/wp-content\/uploads\/2025\/04\/Blog_Header_VL-VT__1170x781px_de.jpg\",\"contentUrl\":\"https:\/\/www.emag.com\/blog\/wp-content\/uploads\/2025\/04\/Blog_Header_VL-VT__1170x781px_de.jpg\",\"width\":1170,\"height\":781,\"caption\":\"Ralf Mayer, Leiter EDNA Operations bei der EMAG Maschinenfabrik GmbH\"},{\"@type\":\"BreadcrumbList\",\"@id\":\"https:\/\/www.emag.com\/blog\/die-zukunft-der-cnc-steuerung\/#breadcrumb\",\"itemListElement\":[{\"@type\":\"ListItem\",\"position\":1,\"name\":\"Startseite\",\"item\":\"https:\/\/www.emag.com\/blog\/\"},{\"@type\":\"ListItem\",\"position\":2,\"name\":\"Die Zukunft der CNC-Steuerung bei EMAG: Ralf Mayer im Gespr\u00e4ch\"}]},{\"@type\":\"WebSite\",\"@id\":\"https:\/\/www.emag.com\/blog\/#website\",\"url\":\"https:\/\/www.emag.com\/blog\/\",\"name\":\"EMAG \u2013 Unser Unternehmensblog\",\"description\":\"Erfahre alles rund um die EMAG Gruppe\",\"publisher\":{\"@id\":\"https:\/\/www.emag.com\/blog\/#organization\"},\"potentialAction\":[{\"@type\":\"SearchAction\",\"target\":{\"@type\":\"EntryPoint\",\"urlTemplate\":\"https:\/\/www.emag.com\/blog\/?s={search_term_string}\"},\"query-input\":{\"@type\":\"PropertyValueSpecification\",\"valueRequired\":true,\"valueName\":\"search_term_string\"}}],\"inLanguage\":\"de\"},{\"@type\":\"Organization\",\"@id\":\"https:\/\/www.emag.com\/blog\/#organization\",\"name\":\"EMAG GmbH & Co. KG\",\"url\":\"https:\/\/www.emag.com\/blog\/\",\"logo\":{\"@type\":\"ImageObject\",\"inLanguage\":\"de\",\"@id\":\"https:\/\/www.emag.com\/blog\/#\/schema\/logo\/image\/\",\"url\":\"https:\/\/www.emag.com\/blog\/wp-content\/uploads\/2016\/12\/emag-logo-header2.png\",\"contentUrl\":\"https:\/\/www.emag.com\/blog\/wp-content\/uploads\/2016\/12\/emag-logo-header2.png\",\"width\":248,\"height\":72,\"caption\":\"EMAG GmbH & Co. KG\"},\"image\":{\"@id\":\"https:\/\/www.emag.com\/blog\/#\/schema\/logo\/image\/\"},\"sameAs\":[\"https:\/\/www.facebook.com\/EMAGGroup\",\"https:\/\/x.com\/EMAGGroup\"]},{\"@type\":\"Person\",\"@id\":\"https:\/\/www.emag.com\/blog\/#\/schema\/person\/9ae8c8fc62dc80b80a172bf9b201adb6\",\"name\":\"Oliver Hagenlocher\",\"image\":{\"@type\":\"ImageObject\",\"inLanguage\":\"de\",\"@id\":\"https:\/\/www.emag.com\/blog\/#\/schema\/person\/image\/\",\"url\":\"https:\/\/www.emag.com\/blog\/wp-content\/uploads\/2024\/12\/cropped-Blog_Oli_200x200px-96x96.jpg\",\"contentUrl\":\"https:\/\/www.emag.com\/blog\/wp-content\/uploads\/2024\/12\/cropped-Blog_Oli_200x200px-96x96.jpg\",\"caption\":\"Oliver Hagenlocher\"}}]}<\/script>\n<!-- \/ Yoast SEO plugin. -->","yoast_head_json":{"title":"EMAG: Neues 19'' FANUC iHMI Bedienpanel vorgestellt","description":"EMAG pr\u00e4sentiert das neue 19'' Bedienpanel mit FANUC iHMI. Ralf Mayer erkl\u00e4rt die Vorteile f\u00fcr moderne Fertigungsprozesse.","robots":{"index":"index","follow":"follow","max-snippet":"max-snippet:-1","max-image-preview":"max-image-preview:large","max-video-preview":"max-video-preview:-1"},"canonical":"https:\/\/www.emag.com\/blog\/die-zukunft-der-cnc-steuerung\/","og_locale":"de_DE","og_type":"article","og_title":"EMAG: Neues 19'' FANUC iHMI Bedienpanel vorgestellt","og_description":"EMAG pr\u00e4sentiert das neue 19'' Bedienpanel mit FANUC iHMI. Ralf Mayer erkl\u00e4rt die Vorteile f\u00fcr moderne Fertigungsprozesse.","og_url":"https:\/\/www.emag.com\/blog\/die-zukunft-der-cnc-steuerung\/","og_site_name":"EMAG \u2013 Unser Unternehmensblog","article_publisher":"https:\/\/www.facebook.com\/EMAGGroup","article_published_time":"2025-04-29T06:58:57+00:00","og_image":[{"width":1170,"height":781,"url":"https:\/\/www.emag.com\/blog\/wp-content\/uploads\/2025\/04\/Blog_Header_VL-VT__1170x781px_de.jpg","type":"image\/jpeg"}],"author":"Oliver Hagenlocher","twitter_card":"summary_large_image","twitter_creator":"@EMAGGroup","twitter_site":"@EMAGGroup","twitter_misc":{"Verfasst von":"Oliver Hagenlocher","Gesch\u00e4tzte Lesezeit":"5\u00a0Minuten"},"schema":{"@context":"https:\/\/schema.org","@graph":[{"@type":"Article","@id":"https:\/\/www.emag.com\/blog\/die-zukunft-der-cnc-steuerung\/#article","isPartOf":{"@id":"https:\/\/www.emag.com\/blog\/die-zukunft-der-cnc-steuerung\/"},"author":{"name":"Oliver Hagenlocher","@id":"https:\/\/www.emag.com\/blog\/#\/schema\/person\/9ae8c8fc62dc80b80a172bf9b201adb6"},"headline":"Die Zukunft der CNC-Steuerung bei EMAG: Ralf Mayer im Gespr\u00e4ch","datePublished":"2025-04-29T06:58:57+00:00","mainEntityOfPage":{"@id":"https:\/\/www.emag.com\/blog\/die-zukunft-der-cnc-steuerung\/"},"wordCount":728,"publisher":{"@id":"https:\/\/www.emag.com\/blog\/#organization"},"image":{"@id":"https:\/\/www.emag.com\/blog\/die-zukunft-der-cnc-steuerung\/#primaryimage"},"thumbnailUrl":"https:\/\/www.emag.com\/blog\/wp-content\/uploads\/2025\/04\/Blog_Header_VL-VT__1170x781px_de.jpg","keywords":["19 Zoll-Panel","CNC-Programmierung","EMAG Bedienpanel","FANUC iHMI","Fertigungsoptimierung","Maschinensteuerung","Werkzeugverwaltung"],"articleSection":["Featured","Maschinen"],"inLanguage":"de"},{"@type":"WebPage","@id":"https:\/\/www.emag.com\/blog\/die-zukunft-der-cnc-steuerung\/","url":"https:\/\/www.emag.com\/blog\/die-zukunft-der-cnc-steuerung\/","name":"EMAG: Neues 19'' FANUC iHMI Bedienpanel vorgestellt","isPartOf":{"@id":"https:\/\/www.emag.com\/blog\/#website"},"primaryImageOfPage":{"@id":"https:\/\/www.emag.com\/blog\/die-zukunft-der-cnc-steuerung\/#primaryimage"},"image":{"@id":"https:\/\/www.emag.com\/blog\/die-zukunft-der-cnc-steuerung\/#primaryimage"},"thumbnailUrl":"https:\/\/www.emag.com\/blog\/wp-content\/uploads\/2025\/04\/Blog_Header_VL-VT__1170x781px_de.jpg","datePublished":"2025-04-29T06:58:57+00:00","description":"EMAG pr\u00e4sentiert das neue 19'' Bedienpanel mit FANUC iHMI. Ralf Mayer erkl\u00e4rt die Vorteile f\u00fcr moderne Fertigungsprozesse.","breadcrumb":{"@id":"https:\/\/www.emag.com\/blog\/die-zukunft-der-cnc-steuerung\/#breadcrumb"},"inLanguage":"de","potentialAction":[{"@type":"ReadAction","target":["https:\/\/www.emag.com\/blog\/die-zukunft-der-cnc-steuerung\/"]}]},{"@type":"ImageObject","inLanguage":"de","@id":"https:\/\/www.emag.com\/blog\/die-zukunft-der-cnc-steuerung\/#primaryimage","url":"https:\/\/www.emag.com\/blog\/wp-content\/uploads\/2025\/04\/Blog_Header_VL-VT__1170x781px_de.jpg","contentUrl":"https:\/\/www.emag.com\/blog\/wp-content\/uploads\/2025\/04\/Blog_Header_VL-VT__1170x781px_de.jpg","width":1170,"height":781,"caption":"Ralf Mayer, Leiter EDNA Operations bei der EMAG Maschinenfabrik GmbH"},{"@type":"BreadcrumbList","@id":"https:\/\/www.emag.com\/blog\/die-zukunft-der-cnc-steuerung\/#breadcrumb","itemListElement":[{"@type":"ListItem","position":1,"name":"Startseite","item":"https:\/\/www.emag.com\/blog\/"},{"@type":"ListItem","position":2,"name":"Die Zukunft der CNC-Steuerung bei EMAG: Ralf Mayer im Gespr\u00e4ch"}]},{"@type":"WebSite","@id":"https:\/\/www.emag.com\/blog\/#website","url":"https:\/\/www.emag.com\/blog\/","name":"EMAG \u2013 Unser Unternehmensblog","description":"Erfahre alles rund um die EMAG Gruppe","publisher":{"@id":"https:\/\/www.emag.com\/blog\/#organization"},"potentialAction":[{"@type":"SearchAction","target":{"@type":"EntryPoint","urlTemplate":"https:\/\/www.emag.com\/blog\/?s={search_term_string}"},"query-input":{"@type":"PropertyValueSpecification","valueRequired":true,"valueName":"search_term_string"}}],"inLanguage":"de"},{"@type":"Organization","@id":"https:\/\/www.emag.com\/blog\/#organization","name":"EMAG GmbH & Co. KG","url":"https:\/\/www.emag.com\/blog\/","logo":{"@type":"ImageObject","inLanguage":"de","@id":"https:\/\/www.emag.com\/blog\/#\/schema\/logo\/image\/","url":"https:\/\/www.emag.com\/blog\/wp-content\/uploads\/2016\/12\/emag-logo-header2.png","contentUrl":"https:\/\/www.emag.com\/blog\/wp-content\/uploads\/2016\/12\/emag-logo-header2.png","width":248,"height":72,"caption":"EMAG GmbH & Co. KG"},"image":{"@id":"https:\/\/www.emag.com\/blog\/#\/schema\/logo\/image\/"},"sameAs":["https:\/\/www.facebook.com\/EMAGGroup","https:\/\/x.com\/EMAGGroup"]},{"@type":"Person","@id":"https:\/\/www.emag.com\/blog\/#\/schema\/person\/9ae8c8fc62dc80b80a172bf9b201adb6","name":"Oliver Hagenlocher","image":{"@type":"ImageObject","inLanguage":"de","@id":"https:\/\/www.emag.com\/blog\/#\/schema\/person\/image\/","url":"https:\/\/www.emag.com\/blog\/wp-content\/uploads\/2024\/12\/cropped-Blog_Oli_200x200px-96x96.jpg","contentUrl":"https:\/\/www.emag.com\/blog\/wp-content\/uploads\/2024\/12\/cropped-Blog_Oli_200x200px-96x96.jpg","caption":"Oliver Hagenlocher"}}]}},"_links":{"self":[{"href":"https:\/\/www.emag.com\/blog\/wp-json\/wp\/v2\/posts\/3905","targetHints":{"allow":["GET"]}}],"collection":[{"href":"https:\/\/www.emag.com\/blog\/wp-json\/wp\/v2\/posts"}],"about":[{"href":"https:\/\/www.emag.com\/blog\/wp-json\/wp\/v2\/types\/post"}],"author":[{"embeddable":true,"href":"https:\/\/www.emag.com\/blog\/wp-json\/wp\/v2\/users\/13"}],"replies":[{"embeddable":true,"href":"https:\/\/www.emag.com\/blog\/wp-json\/wp\/v2\/comments?post=3905"}],"version-history":[{"count":4,"href":"https:\/\/www.emag.com\/blog\/wp-json\/wp\/v2\/posts\/3905\/revisions"}],"predecessor-version":[{"id":3927,"href":"https:\/\/www.emag.com\/blog\/wp-json\/wp\/v2\/posts\/3905\/revisions\/3927"}],"wp:featuredmedia":[{"embeddable":true,"href":"https:\/\/www.emag.com\/blog\/wp-json\/wp\/v2\/media\/3909"}],"wp:attachment":[{"href":"https:\/\/www.emag.com\/blog\/wp-json\/wp\/v2\/media?parent=3905"}],"wp:term":[{"taxonomy":"category","embeddable":true,"href":"https:\/\/www.emag.com\/blog\/wp-json\/wp\/v2\/categories?post=3905"},{"taxonomy":"post_tag","embeddable":true,"href":"https:\/\/www.emag.com\/blog\/wp-json\/wp\/v2\/tags?post=3905"}],"curies":[{"name":"wp","href":"https:\/\/api.w.org\/{rel}","templated":true}]}}