{"id":2875,"date":"2023-12-08T13:02:04","date_gmt":"2023-12-08T12:02:04","guid":{"rendered":"https:\/\/www.emag.com\/blog\/?p=2875"},"modified":"2025-02-25T09:51:43","modified_gmt":"2025-02-25T08:51:43","slug":"rueckblick-open-house-retrofit-2023","status":"publish","type":"post","link":"https:\/\/www.emag.com\/blog\/rueckblick-open-house-retrofit-2023\/","title":{"rendered":"R\u00fcckblick: Open House Retrofit bei EMAG am 29. November 2023"},"content":{"rendered":"<p><strong>W\u00e4hrend des Open House Retrofit im Werk Eislingen pr\u00e4sentierte EMAG die Zukunft der industriellen Maschinenmodernisierung. Die Besucherinnen und Besucher hatten die M\u00f6glichkeit, neueste Technologien und Retrofit-L\u00f6sungen hautnah zu erleben.<\/strong><!--more--><\/p>\n<h2><strong>Pr\u00e4sentation eines vollautomatisierten Retrofit-Fertigungssystems <\/strong><\/h2>\n<p>Ein Highlight war die Vorf\u00fchrung des VSC-Fertigungssystems, das mit der Steuerung Sinumeric One, einer integrierten Roboterzelle und einem DMC-Schreib-\/ Lesesystem ausgestattet ist. Die Teilnehmerinnen und Teilnehmer konnten dieses Fertigungssystem live in Aktion erleben und sich von den M\u00f6glichkeiten des Retrofit weit \u00fcber die Maschinenmodernisierung hinaus \u00fcberzeugen.<\/p>\n<div id=\"attachment_2876\" style=\"width: 310px\" class=\"wp-caption alignnone\"><img decoding=\"async\" aria-describedby=\"caption-attachment-2876\" class=\"size-medium wp-image-2876\" src=\"https:\/\/www.emag.com\/blog\/wp-content\/uploads\/2023\/12\/01-3-300x200.jpg\" alt=\"VSC-Fertigungssysteme beim Open House Retrofit\" width=\"300\" height=\"200\" srcset=\"https:\/\/www.emag.com\/blog\/wp-content\/uploads\/2023\/12\/01-3-300x200.jpg 300w, https:\/\/www.emag.com\/blog\/wp-content\/uploads\/2023\/12\/01-3-1024x683.jpg 1024w, https:\/\/www.emag.com\/blog\/wp-content\/uploads\/2023\/12\/01-3-768x512.jpg 768w, https:\/\/www.emag.com\/blog\/wp-content\/uploads\/2023\/12\/01-3-1536x1024.jpg 1536w, https:\/\/www.emag.com\/blog\/wp-content\/uploads\/2023\/12\/01-3-2048x1365.jpg 2048w, https:\/\/www.emag.com\/blog\/wp-content\/uploads\/2023\/12\/01-3-1920x1280.jpg 1920w, https:\/\/www.emag.com\/blog\/wp-content\/uploads\/2023\/12\/01-3-1170x780.jpg 1170w, https:\/\/www.emag.com\/blog\/wp-content\/uploads\/2023\/12\/01-3-585x390.jpg 585w, https:\/\/www.emag.com\/blog\/wp-content\/uploads\/2023\/12\/01-3-263x175.jpg 263w\" sizes=\"(max-width: 300px) 100vw, 300px\" \/><p id=\"caption-attachment-2876\" class=\"wp-caption-text\">Innovative VSC-Fertigungssysteme im Einsatz<\/p><\/div>\n<h2><strong>Live-Demonstrationen und individuelle F\u00fchrungen<\/strong><\/h2>\n<p>W\u00e4hrend der Veranstaltung zeigten Experten von EMAG in Live-Demonstrationen die vielf\u00e4ltigen M\u00f6glichkeiten des Retrofit. Dar\u00fcber hinaus wurden pers\u00f6nliche F\u00fchrungen angeboten, bei denen die Besucherinnen und Besucher einen Einblick in die praktische Umsetzung der Retrofit-Prozesse im Werk erhielten.<\/p>\n<h2><strong>Flexibilit\u00e4t und Vielfalt beim Retrofit-Ansatz<\/strong><\/h2>\n<p>Das Retrofit-Konzept von EMAG ist ausgesprochen flexibel. Es reicht von kleineren Anpassungen bis hin zum kompletten mechanischen und elektrischen Neuaufbau der Maschinen. Interessant ist, dass der Prozess nicht immer mit der \u00dcberholung einer alten Maschine beginnt: Oft kommen Kunden mit spezifischen Bauteilen zu EMAG und stellen neue Fertigungsanforderungen an die Maschinen. Die Experten von EMAG entwickeln dann auf Basis des Maschinenparks des Kunden eine individuelle Retrofit-L\u00f6sung und passen die Produktionsprozesse an.<\/p>\n<h2><strong>Nachhaltigkeit &amp; Digitalisierung<\/strong><\/h2>\n<p>Zwei zentrale Themen der Veranstaltung waren Nachhaltigkeit und Digitalisierung. Dabei betont EMAG die Bedeutung von Zukunftssicherheit bei der Modernisierung von Produktionsl\u00f6sungen. Mit IoT-Know-how stattet das Unternehmen Maschinen mit Industrie-PCs und Sensorik aus, um mit intelligenten Softwarel\u00f6sungen die Produktivit\u00e4t der Maschinen zu steigern.<\/p>\n<div id=\"attachment_2879\" style=\"width: 210px\" class=\"wp-caption alignnone\"><img decoding=\"async\" aria-describedby=\"caption-attachment-2879\" class=\"size-medium wp-image-2879\" src=\"https:\/\/www.emag.com\/blog\/wp-content\/uploads\/2023\/12\/07-1_k-200x300.jpg\" alt=\"EMAG integriert modernste Industrie-PCs und Sensorik in Retrofit-Maschinen.\" width=\"200\" height=\"300\" srcset=\"https:\/\/www.emag.com\/blog\/wp-content\/uploads\/2023\/12\/07-1_k-200x300.jpg 200w, https:\/\/www.emag.com\/blog\/wp-content\/uploads\/2023\/12\/07-1_k-683x1024.jpg 683w, https:\/\/www.emag.com\/blog\/wp-content\/uploads\/2023\/12\/07-1_k-768x1152.jpg 768w, https:\/\/www.emag.com\/blog\/wp-content\/uploads\/2023\/12\/07-1_k-1024x1536.jpg 1024w, https:\/\/www.emag.com\/blog\/wp-content\/uploads\/2023\/12\/07-1_k-1365x2048.jpg 1365w, https:\/\/www.emag.com\/blog\/wp-content\/uploads\/2023\/12\/07-1_k-1920x2880.jpg 1920w, https:\/\/www.emag.com\/blog\/wp-content\/uploads\/2023\/12\/07-1_k-1170x1755.jpg 1170w, https:\/\/www.emag.com\/blog\/wp-content\/uploads\/2023\/12\/07-1_k-585x878.jpg 585w, https:\/\/www.emag.com\/blog\/wp-content\/uploads\/2023\/12\/07-1_k-scaled.jpg 1706w\" sizes=\"(max-width: 200px) 100vw, 200px\" \/><p id=\"caption-attachment-2879\" class=\"wp-caption-text\">Digitalisierung trifft Mechanik: EMAG integriert modernste Industrie-PCs und Sensorik in Retrofit-Maschinen.<\/p><\/div>\n<p>Im Bereich Nachhaltigkeit bietet EMAG die Analyse bestehender Produktionsl\u00f6sungen an, um Energieverschwender zu identifizieren und effizientere Prozesse zu implementieren. Beispielsweise k\u00f6nnen nach einem Retrofit Medien und Antriebe der Maschine automatisch abgeschaltet werden, wenn kein Bearbeitungsprogramm l\u00e4uft.<\/p>\n<div id=\"attachment_2877\" style=\"width: 310px\" class=\"wp-caption alignnone\"><img decoding=\"async\" aria-describedby=\"caption-attachment-2877\" class=\"size-medium wp-image-2877\" src=\"https:\/\/www.emag.com\/blog\/wp-content\/uploads\/2023\/12\/05-2-300x200.jpg\" alt=\"Retrofit steigert Energieeffizienz und Umweltbewusstsein\" width=\"300\" height=\"200\" srcset=\"https:\/\/www.emag.com\/blog\/wp-content\/uploads\/2023\/12\/05-2-300x200.jpg 300w, https:\/\/www.emag.com\/blog\/wp-content\/uploads\/2023\/12\/05-2-1024x683.jpg 1024w, https:\/\/www.emag.com\/blog\/wp-content\/uploads\/2023\/12\/05-2-768x512.jpg 768w, https:\/\/www.emag.com\/blog\/wp-content\/uploads\/2023\/12\/05-2-1536x1024.jpg 1536w, https:\/\/www.emag.com\/blog\/wp-content\/uploads\/2023\/12\/05-2-2048x1365.jpg 2048w, https:\/\/www.emag.com\/blog\/wp-content\/uploads\/2023\/12\/05-2-1920x1280.jpg 1920w, https:\/\/www.emag.com\/blog\/wp-content\/uploads\/2023\/12\/05-2-1170x780.jpg 1170w, https:\/\/www.emag.com\/blog\/wp-content\/uploads\/2023\/12\/05-2-585x390.jpg 585w, https:\/\/www.emag.com\/blog\/wp-content\/uploads\/2023\/12\/05-2-263x175.jpg 263w\" sizes=\"(max-width: 300px) 100vw, 300px\" \/><p id=\"caption-attachment-2877\" class=\"wp-caption-text\">Nachhaltigkeit in der Praxis: EMAG zeigt, wie Retrofit Energieeffizienz und Umweltbewusstsein steigert.<\/p><\/div>\n<p>Das Open House Retrofit bei EMAG war nicht nur eine Demonstration modernster Maschinentechnologie, sondern auch ein Einblick in die zukunftsweisenden Ans\u00e4tze des Unternehmens in Sachen Nachhaltigkeit und Digitalisierung. Die Veranstaltung zeigte, dass sich die Kosten f\u00fcr Retrofit-L\u00f6sungen gerade bei den aktuell hohen Energie- und Materialkosten schnell amortisieren.<\/p>\n<h2><a href=\"https:\/\/www.emag.com\/de\/produkte-services\/after-sales-service\/retrofit\/\">Mehr Informationen zum Thema Retrofit von EMAG Maschinen finden Sie zudem auf unserer Website<\/a><\/h2>\n","protected":false},"excerpt":{"rendered":"<p>W\u00e4hrend des Open House Retrofit im Werk Eislingen pr\u00e4sentierte EMAG die Zukunft der industriellen Maschinenmodernisierung. Die Besucherinnen und Besucher hatten die M\u00f6glichkeit, neueste Technologien&hellip;<\/p>\n","protected":false},"author":13,"featured_media":2883,"comment_status":"open","ping_status":"open","sticky":false,"template":"","format":"video","meta":{"_lmt_disableupdate":"","_lmt_disable":"","editor_notices":[],"footnotes":""},"categories":[2021,40],"tags":[49,79,1870],"class_list":["post-2875","post","type-post","status-publish","format-video","has-post-thumbnail","hentry","category-success-story","category-technologien","tag-drehmaschine","tag-pick-up-drehmaschine","tag-retrofit","post_format-post-format-video"],"yoast_head":"<!-- This site is optimized with the Yoast SEO plugin v27.0 - https:\/\/yoast.com\/product\/yoast-seo-wordpress\/ -->\n<title>EMAG pr\u00e4sentiert Retrofit-L\u00f6sungen beim Open House<\/title>\n<meta name=\"description\" content=\"Retrofit-L\u00f6sungen von EMAG stehen f\u00fcr hocheffiziente Produktionsprozesse. Davon konnten sich die Besucher des \u201eOpen House Retrofit\u201c in Eislingen \u00fcberzeugen.\" \/>\n<meta name=\"robots\" content=\"index, follow, max-snippet:-1, max-image-preview:large, max-video-preview:-1\" \/>\n<link rel=\"canonical\" href=\"https:\/\/www.emag.com\/blog\/rueckblick-open-house-retrofit-2023\/\" \/>\n<meta property=\"og:locale\" content=\"de_DE\" \/>\n<meta property=\"og:type\" content=\"article\" \/>\n<meta property=\"og:title\" content=\"EMAG pr\u00e4sentiert Retrofit-L\u00f6sungen beim Open House\" \/>\n<meta property=\"og:description\" content=\"Retrofit-L\u00f6sungen von EMAG stehen f\u00fcr hocheffiziente Produktionsprozesse. Davon konnten sich die Besucher des \u201eOpen House Retrofit\u201c in Eislingen \u00fcberzeugen.\" \/>\n<meta property=\"og:url\" content=\"https:\/\/www.emag.com\/blog\/rueckblick-open-house-retrofit-2023\/\" \/>\n<meta property=\"og:site_name\" content=\"EMAG \u2013 Unser Unternehmensblog\" \/>\n<meta property=\"article:publisher\" content=\"https:\/\/www.facebook.com\/EMAGGroup\" \/>\n<meta property=\"article:published_time\" content=\"2023-12-08T12:02:04+00:00\" \/>\n<meta property=\"article:modified_time\" content=\"2025-02-25T08:51:43+00:00\" \/>\n<meta property=\"og:image\" content=\"https:\/\/www.emag.com\/blog\/wp-content\/uploads\/2023\/12\/Thumbnail.jpg\" \/>\n\t<meta property=\"og:image:width\" content=\"1280\" \/>\n\t<meta property=\"og:image:height\" content=\"720\" \/>\n\t<meta property=\"og:image:type\" content=\"image\/jpeg\" \/>\n<meta name=\"author\" content=\"Oliver Hagenlocher\" \/>\n<meta name=\"twitter:card\" content=\"summary_large_image\" \/>\n<meta name=\"twitter:creator\" content=\"@EMAGGroup\" \/>\n<meta name=\"twitter:site\" content=\"@EMAGGroup\" \/>\n<meta name=\"twitter:label1\" content=\"Verfasst von\" \/>\n\t<meta name=\"twitter:data1\" content=\"Oliver Hagenlocher\" \/>\n\t<meta name=\"twitter:label2\" content=\"Gesch\u00e4tzte Lesezeit\" \/>\n\t<meta name=\"twitter:data2\" content=\"2\u00a0Minuten\" \/>\n<script type=\"application\/ld+json\" class=\"yoast-schema-graph\">{\"@context\":\"https:\/\/schema.org\",\"@graph\":[{\"@type\":\"Article\",\"@id\":\"https:\/\/www.emag.com\/blog\/rueckblick-open-house-retrofit-2023\/#article\",\"isPartOf\":{\"@id\":\"https:\/\/www.emag.com\/blog\/rueckblick-open-house-retrofit-2023\/\"},\"author\":{\"name\":\"Oliver Hagenlocher\",\"@id\":\"https:\/\/www.emag.com\/blog\/#\/schema\/person\/9ae8c8fc62dc80b80a172bf9b201adb6\"},\"headline\":\"R\u00fcckblick: Open House Retrofit bei EMAG am 29. November 2023\",\"datePublished\":\"2023-12-08T12:02:04+00:00\",\"dateModified\":\"2025-02-25T08:51:43+00:00\",\"mainEntityOfPage\":{\"@id\":\"https:\/\/www.emag.com\/blog\/rueckblick-open-house-retrofit-2023\/\"},\"wordCount\":420,\"commentCount\":0,\"publisher\":{\"@id\":\"https:\/\/www.emag.com\/blog\/#organization\"},\"image\":{\"@id\":\"https:\/\/www.emag.com\/blog\/rueckblick-open-house-retrofit-2023\/#primaryimage\"},\"thumbnailUrl\":\"https:\/\/www.emag.com\/blog\/wp-content\/uploads\/2023\/12\/Thumbnail.jpg\",\"keywords\":[\"Drehmaschine\",\"Pick-up-Drehmaschine\",\"Retrofit\"],\"articleSection\":[\"Success Story\",\"Technologien\"],\"inLanguage\":\"de\",\"potentialAction\":[{\"@type\":\"CommentAction\",\"name\":\"Comment\",\"target\":[\"https:\/\/www.emag.com\/blog\/rueckblick-open-house-retrofit-2023\/#respond\"]}]},{\"@type\":\"WebPage\",\"@id\":\"https:\/\/www.emag.com\/blog\/rueckblick-open-house-retrofit-2023\/\",\"url\":\"https:\/\/www.emag.com\/blog\/rueckblick-open-house-retrofit-2023\/\",\"name\":\"EMAG pr\u00e4sentiert Retrofit-L\u00f6sungen beim Open House\",\"isPartOf\":{\"@id\":\"https:\/\/www.emag.com\/blog\/#website\"},\"primaryImageOfPage\":{\"@id\":\"https:\/\/www.emag.com\/blog\/rueckblick-open-house-retrofit-2023\/#primaryimage\"},\"image\":{\"@id\":\"https:\/\/www.emag.com\/blog\/rueckblick-open-house-retrofit-2023\/#primaryimage\"},\"thumbnailUrl\":\"https:\/\/www.emag.com\/blog\/wp-content\/uploads\/2023\/12\/Thumbnail.jpg\",\"datePublished\":\"2023-12-08T12:02:04+00:00\",\"dateModified\":\"2025-02-25T08:51:43+00:00\",\"description\":\"Retrofit-L\u00f6sungen von EMAG stehen f\u00fcr hocheffiziente Produktionsprozesse. Davon konnten sich die Besucher des \u201eOpen House Retrofit\u201c in Eislingen \u00fcberzeugen.\",\"breadcrumb\":{\"@id\":\"https:\/\/www.emag.com\/blog\/rueckblick-open-house-retrofit-2023\/#breadcrumb\"},\"inLanguage\":\"de\",\"potentialAction\":[{\"@type\":\"ReadAction\",\"target\":[\"https:\/\/www.emag.com\/blog\/rueckblick-open-house-retrofit-2023\/\"]}]},{\"@type\":\"ImageObject\",\"inLanguage\":\"de\",\"@id\":\"https:\/\/www.emag.com\/blog\/rueckblick-open-house-retrofit-2023\/#primaryimage\",\"url\":\"https:\/\/www.emag.com\/blog\/wp-content\/uploads\/2023\/12\/Thumbnail.jpg\",\"contentUrl\":\"https:\/\/www.emag.com\/blog\/wp-content\/uploads\/2023\/12\/Thumbnail.jpg\",\"width\":1280,\"height\":720},{\"@type\":\"BreadcrumbList\",\"@id\":\"https:\/\/www.emag.com\/blog\/rueckblick-open-house-retrofit-2023\/#breadcrumb\",\"itemListElement\":[{\"@type\":\"ListItem\",\"position\":1,\"name\":\"Startseite\",\"item\":\"https:\/\/www.emag.com\/blog\/\"},{\"@type\":\"ListItem\",\"position\":2,\"name\":\"R\u00fcckblick: Open House Retrofit bei EMAG am 29. November 2023\"}]},{\"@type\":\"WebSite\",\"@id\":\"https:\/\/www.emag.com\/blog\/#website\",\"url\":\"https:\/\/www.emag.com\/blog\/\",\"name\":\"EMAG \u2013 Unser Unternehmensblog\",\"description\":\"Erfahre alles rund um die EMAG Gruppe\",\"publisher\":{\"@id\":\"https:\/\/www.emag.com\/blog\/#organization\"},\"potentialAction\":[{\"@type\":\"SearchAction\",\"target\":{\"@type\":\"EntryPoint\",\"urlTemplate\":\"https:\/\/www.emag.com\/blog\/?s={search_term_string}\"},\"query-input\":{\"@type\":\"PropertyValueSpecification\",\"valueRequired\":true,\"valueName\":\"search_term_string\"}}],\"inLanguage\":\"de\"},{\"@type\":\"Organization\",\"@id\":\"https:\/\/www.emag.com\/blog\/#organization\",\"name\":\"EMAG GmbH & Co. KG\",\"url\":\"https:\/\/www.emag.com\/blog\/\",\"logo\":{\"@type\":\"ImageObject\",\"inLanguage\":\"de\",\"@id\":\"https:\/\/www.emag.com\/blog\/#\/schema\/logo\/image\/\",\"url\":\"https:\/\/www.emag.com\/blog\/wp-content\/uploads\/2016\/12\/emag-logo-header2.png\",\"contentUrl\":\"https:\/\/www.emag.com\/blog\/wp-content\/uploads\/2016\/12\/emag-logo-header2.png\",\"width\":248,\"height\":72,\"caption\":\"EMAG GmbH & Co. KG\"},\"image\":{\"@id\":\"https:\/\/www.emag.com\/blog\/#\/schema\/logo\/image\/\"},\"sameAs\":[\"https:\/\/www.facebook.com\/EMAGGroup\",\"https:\/\/x.com\/EMAGGroup\"]},{\"@type\":\"Person\",\"@id\":\"https:\/\/www.emag.com\/blog\/#\/schema\/person\/9ae8c8fc62dc80b80a172bf9b201adb6\",\"name\":\"Oliver Hagenlocher\",\"image\":{\"@type\":\"ImageObject\",\"inLanguage\":\"de\",\"@id\":\"https:\/\/www.emag.com\/blog\/#\/schema\/person\/image\/\",\"url\":\"https:\/\/www.emag.com\/blog\/wp-content\/uploads\/2024\/12\/cropped-Blog_Oli_200x200px-96x96.jpg\",\"contentUrl\":\"https:\/\/www.emag.com\/blog\/wp-content\/uploads\/2024\/12\/cropped-Blog_Oli_200x200px-96x96.jpg\",\"caption\":\"Oliver Hagenlocher\"}}]}<\/script>\n<!-- \/ Yoast SEO plugin. -->","yoast_head_json":{"title":"EMAG pr\u00e4sentiert Retrofit-L\u00f6sungen beim Open House","description":"Retrofit-L\u00f6sungen von EMAG stehen f\u00fcr hocheffiziente Produktionsprozesse. Davon konnten sich die Besucher des \u201eOpen House Retrofit\u201c in Eislingen \u00fcberzeugen.","robots":{"index":"index","follow":"follow","max-snippet":"max-snippet:-1","max-image-preview":"max-image-preview:large","max-video-preview":"max-video-preview:-1"},"canonical":"https:\/\/www.emag.com\/blog\/rueckblick-open-house-retrofit-2023\/","og_locale":"de_DE","og_type":"article","og_title":"EMAG pr\u00e4sentiert Retrofit-L\u00f6sungen beim Open House","og_description":"Retrofit-L\u00f6sungen von EMAG stehen f\u00fcr hocheffiziente Produktionsprozesse. Davon konnten sich die Besucher des \u201eOpen House Retrofit\u201c in Eislingen \u00fcberzeugen.","og_url":"https:\/\/www.emag.com\/blog\/rueckblick-open-house-retrofit-2023\/","og_site_name":"EMAG \u2013 Unser Unternehmensblog","article_publisher":"https:\/\/www.facebook.com\/EMAGGroup","article_published_time":"2023-12-08T12:02:04+00:00","article_modified_time":"2025-02-25T08:51:43+00:00","og_image":[{"width":1280,"height":720,"url":"https:\/\/www.emag.com\/blog\/wp-content\/uploads\/2023\/12\/Thumbnail.jpg","type":"image\/jpeg"}],"author":"Oliver Hagenlocher","twitter_card":"summary_large_image","twitter_creator":"@EMAGGroup","twitter_site":"@EMAGGroup","twitter_misc":{"Verfasst von":"Oliver Hagenlocher","Gesch\u00e4tzte Lesezeit":"2\u00a0Minuten"},"schema":{"@context":"https:\/\/schema.org","@graph":[{"@type":"Article","@id":"https:\/\/www.emag.com\/blog\/rueckblick-open-house-retrofit-2023\/#article","isPartOf":{"@id":"https:\/\/www.emag.com\/blog\/rueckblick-open-house-retrofit-2023\/"},"author":{"name":"Oliver Hagenlocher","@id":"https:\/\/www.emag.com\/blog\/#\/schema\/person\/9ae8c8fc62dc80b80a172bf9b201adb6"},"headline":"R\u00fcckblick: Open House Retrofit bei EMAG am 29. November 2023","datePublished":"2023-12-08T12:02:04+00:00","dateModified":"2025-02-25T08:51:43+00:00","mainEntityOfPage":{"@id":"https:\/\/www.emag.com\/blog\/rueckblick-open-house-retrofit-2023\/"},"wordCount":420,"commentCount":0,"publisher":{"@id":"https:\/\/www.emag.com\/blog\/#organization"},"image":{"@id":"https:\/\/www.emag.com\/blog\/rueckblick-open-house-retrofit-2023\/#primaryimage"},"thumbnailUrl":"https:\/\/www.emag.com\/blog\/wp-content\/uploads\/2023\/12\/Thumbnail.jpg","keywords":["Drehmaschine","Pick-up-Drehmaschine","Retrofit"],"articleSection":["Success Story","Technologien"],"inLanguage":"de","potentialAction":[{"@type":"CommentAction","name":"Comment","target":["https:\/\/www.emag.com\/blog\/rueckblick-open-house-retrofit-2023\/#respond"]}]},{"@type":"WebPage","@id":"https:\/\/www.emag.com\/blog\/rueckblick-open-house-retrofit-2023\/","url":"https:\/\/www.emag.com\/blog\/rueckblick-open-house-retrofit-2023\/","name":"EMAG pr\u00e4sentiert Retrofit-L\u00f6sungen beim Open House","isPartOf":{"@id":"https:\/\/www.emag.com\/blog\/#website"},"primaryImageOfPage":{"@id":"https:\/\/www.emag.com\/blog\/rueckblick-open-house-retrofit-2023\/#primaryimage"},"image":{"@id":"https:\/\/www.emag.com\/blog\/rueckblick-open-house-retrofit-2023\/#primaryimage"},"thumbnailUrl":"https:\/\/www.emag.com\/blog\/wp-content\/uploads\/2023\/12\/Thumbnail.jpg","datePublished":"2023-12-08T12:02:04+00:00","dateModified":"2025-02-25T08:51:43+00:00","description":"Retrofit-L\u00f6sungen von EMAG stehen f\u00fcr hocheffiziente Produktionsprozesse. Davon konnten sich die Besucher des \u201eOpen House Retrofit\u201c in Eislingen \u00fcberzeugen.","breadcrumb":{"@id":"https:\/\/www.emag.com\/blog\/rueckblick-open-house-retrofit-2023\/#breadcrumb"},"inLanguage":"de","potentialAction":[{"@type":"ReadAction","target":["https:\/\/www.emag.com\/blog\/rueckblick-open-house-retrofit-2023\/"]}]},{"@type":"ImageObject","inLanguage":"de","@id":"https:\/\/www.emag.com\/blog\/rueckblick-open-house-retrofit-2023\/#primaryimage","url":"https:\/\/www.emag.com\/blog\/wp-content\/uploads\/2023\/12\/Thumbnail.jpg","contentUrl":"https:\/\/www.emag.com\/blog\/wp-content\/uploads\/2023\/12\/Thumbnail.jpg","width":1280,"height":720},{"@type":"BreadcrumbList","@id":"https:\/\/www.emag.com\/blog\/rueckblick-open-house-retrofit-2023\/#breadcrumb","itemListElement":[{"@type":"ListItem","position":1,"name":"Startseite","item":"https:\/\/www.emag.com\/blog\/"},{"@type":"ListItem","position":2,"name":"R\u00fcckblick: Open House Retrofit bei EMAG am 29. November 2023"}]},{"@type":"WebSite","@id":"https:\/\/www.emag.com\/blog\/#website","url":"https:\/\/www.emag.com\/blog\/","name":"EMAG \u2013 Unser Unternehmensblog","description":"Erfahre alles rund um die EMAG Gruppe","publisher":{"@id":"https:\/\/www.emag.com\/blog\/#organization"},"potentialAction":[{"@type":"SearchAction","target":{"@type":"EntryPoint","urlTemplate":"https:\/\/www.emag.com\/blog\/?s={search_term_string}"},"query-input":{"@type":"PropertyValueSpecification","valueRequired":true,"valueName":"search_term_string"}}],"inLanguage":"de"},{"@type":"Organization","@id":"https:\/\/www.emag.com\/blog\/#organization","name":"EMAG GmbH & Co. KG","url":"https:\/\/www.emag.com\/blog\/","logo":{"@type":"ImageObject","inLanguage":"de","@id":"https:\/\/www.emag.com\/blog\/#\/schema\/logo\/image\/","url":"https:\/\/www.emag.com\/blog\/wp-content\/uploads\/2016\/12\/emag-logo-header2.png","contentUrl":"https:\/\/www.emag.com\/blog\/wp-content\/uploads\/2016\/12\/emag-logo-header2.png","width":248,"height":72,"caption":"EMAG GmbH & Co. KG"},"image":{"@id":"https:\/\/www.emag.com\/blog\/#\/schema\/logo\/image\/"},"sameAs":["https:\/\/www.facebook.com\/EMAGGroup","https:\/\/x.com\/EMAGGroup"]},{"@type":"Person","@id":"https:\/\/www.emag.com\/blog\/#\/schema\/person\/9ae8c8fc62dc80b80a172bf9b201adb6","name":"Oliver Hagenlocher","image":{"@type":"ImageObject","inLanguage":"de","@id":"https:\/\/www.emag.com\/blog\/#\/schema\/person\/image\/","url":"https:\/\/www.emag.com\/blog\/wp-content\/uploads\/2024\/12\/cropped-Blog_Oli_200x200px-96x96.jpg","contentUrl":"https:\/\/www.emag.com\/blog\/wp-content\/uploads\/2024\/12\/cropped-Blog_Oli_200x200px-96x96.jpg","caption":"Oliver Hagenlocher"}}]}},"_links":{"self":[{"href":"https:\/\/www.emag.com\/blog\/wp-json\/wp\/v2\/posts\/2875","targetHints":{"allow":["GET"]}}],"collection":[{"href":"https:\/\/www.emag.com\/blog\/wp-json\/wp\/v2\/posts"}],"about":[{"href":"https:\/\/www.emag.com\/blog\/wp-json\/wp\/v2\/types\/post"}],"author":[{"embeddable":true,"href":"https:\/\/www.emag.com\/blog\/wp-json\/wp\/v2\/users\/13"}],"replies":[{"embeddable":true,"href":"https:\/\/www.emag.com\/blog\/wp-json\/wp\/v2\/comments?post=2875"}],"version-history":[{"count":3,"href":"https:\/\/www.emag.com\/blog\/wp-json\/wp\/v2\/posts\/2875\/revisions"}],"predecessor-version":[{"id":2884,"href":"https:\/\/www.emag.com\/blog\/wp-json\/wp\/v2\/posts\/2875\/revisions\/2884"}],"wp:featuredmedia":[{"embeddable":true,"href":"https:\/\/www.emag.com\/blog\/wp-json\/wp\/v2\/media\/2883"}],"wp:attachment":[{"href":"https:\/\/www.emag.com\/blog\/wp-json\/wp\/v2\/media?parent=2875"}],"wp:term":[{"taxonomy":"category","embeddable":true,"href":"https:\/\/www.emag.com\/blog\/wp-json\/wp\/v2\/categories?post=2875"},{"taxonomy":"post_tag","embeddable":true,"href":"https:\/\/www.emag.com\/blog\/wp-json\/wp\/v2\/tags?post=2875"}],"curies":[{"name":"wp","href":"https:\/\/api.w.org\/{rel}","templated":true}]}}