{"id":2198,"date":"2019-09-05T08:48:12","date_gmt":"2019-09-05T06:48:12","guid":{"rendered":"https:\/\/www.emag.com\/blog\/?p=2198"},"modified":"2025-02-25T09:29:25","modified_gmt":"2025-02-25T08:29:25","slug":"interview-mit-sebastian-sieland","status":"publish","type":"post","link":"https:\/\/www.emag.com\/blog\/interview-mit-sebastian-sieland\/","title":{"rendered":"Networking @ EMO: Interview mit Sebastian Sieland von EMAG Leipzig"},"content":{"rendered":"<p>\u201eSmarte Technologien treiben die Produktion von morgen!\u201c Das ist das Motto der EMO 2019 in Hannover. Doch wir sind der Meinung, nicht nur Smarte Technologien sind wichtig, sondern vor allem smarte Menschen \u2013 und die gilt es miteinander ins Gespr\u00e4ch zu bringen.<\/p>\n<p>Daher setzen wir auf dem Messestand der EMAG Gruppe nicht nur auf vernetzte Technologien, sondern vor allem auf das Networking mit unseren Besuchern.<\/p>\n<p>Damit Sie schon im Voraus schauen k\u00f6nnen, mit wem Sie unbedingt auf der EMO ins Gespr\u00e4ch kommen sollten, wird es in den n\u00e4chsten Wochen regelm\u00e4\u00dfige Interviews mit unseren Experten geben, die auch auf der EMO in Hannover vor Ort sein werden.<\/p>\n<p><!--more--><\/p>\n<h2>Interview mit Sebastian Sieland, EMAG Leipzig<\/h2>\n<p><strong>Herr Sieland, k\u00f6nnen Sie sich und Ihre Aufgabe kurz vorstellen?<\/strong><\/p>\n<p>Ich bin bei EMAG Leipzig f\u00fcr den Vertrieb weltweit verantwortlich. In diesem Zusammenhang steuere ich zentral s\u00e4mtliche Vertriebsaktivit\u00e4ten von Amerika bis Asien f\u00fcr unsere VMC-Baureihe sowie f\u00fcr die \u00d6lfeldmaschinen.<\/p>\n<p><strong>Wof\u00fcr steht die EMAG Leipzig innerhalb der EMAG Gruppe?<\/strong><\/p>\n<p>Die EMAG Leipzig Maschinenfabrik GmbH ist seit genau 20 Jahren Teil der EMAG Gruppe. Wir entwickeln Anlagen zur Muffen- und Rohrbearbeitung f\u00fcr die \u00d6lfeldindustrie sowie automatisierte, vertikale Multitechnologiemaschinen.<\/p>\n<p><strong>Was werden Sie auf der EMO pr\u00e4sentieren?<\/strong><\/p>\n<p>Wir werden die multitechnologische Dreh-Fr\u00e4smaschine VMC 450-5 MT auf der EMO pr\u00e4sentieren. Diese hochpr\u00e4zise, 5-achsige Dreh-Fr\u00e4smaschine \u00fcberzeugt bei der Bearbeitung komplexer und gro\u00dfer Werkst\u00fccke in einer Aufspannung. Gleichzeitig wollen wir aber auch die VMC 450-4 unseren Besuchern vorstellen, bei der durch die 4-achsige Bearbeitung die Produktivit\u00e4t nochmals erh\u00f6ht wird.<\/p>\n<p>Ein weiteres Highlight, das wir auf der EMO zeigen werden, ist das Zusammenspiel von im 3D-Druck-Verfahren gefertigten Bauteilen von unserem Partner Gefertec und der Finish-Bearbeitung dieser Bauteile auf unseren VMC-Maschinen.<\/p>\n<div data-sliderid=\"6133\" id=\"penci-post-gallery__6133\" class=\"penci-post-gallery-container justified column-4\" data-height=\"150\" data-margin=\"3\"><a class=\"penci-gallery-ite item-gallery-justified\" href=\"https:\/\/www.emag.com\/blog\/wp-content\/uploads\/2019\/07\/G071_V1_VMC-450-5-MT.jpg\" data-rel=\"penci-gallery-image-content\"  data-cap=\"Mit dem vertikalen Dreh-Fr\u00e4szentrum VMC 450-5 MT erfolgen alle Dreh-, Fr\u00e4s-, Bohr- und Verzahnungsprozesse in einem Arbeitsraum.\"><img decoding=\"async\" src=\"https:\/\/www.emag.com\/blog\/wp-content\/uploads\/2019\/07\/G071_V1_VMC-450-5-MT-585x877.jpg\" alt=\"Vertikales Dreh-Fr\u00e4szentrum VMC 450-5 MT von EMAG\" title=\"Dreh-Fr\u00e4szentrum VMC 450-5 MT\"><div class=\"caption\">Mit dem vertikalen Dreh-Fr\u00e4szentrum VMC 450-5 MT erfolgen alle Dreh-, Fr\u00e4s-, Bohr- und Verzahnungsprozesse in einem Arbeitsraum.<\/div><\/a><a class=\"penci-gallery-ite item-gallery-justified\" href=\"https:\/\/www.emag.com\/blog\/wp-content\/uploads\/2019\/07\/G075V0.jpg\" data-rel=\"penci-gallery-image-content\"  data-cap=\"Beispiel Planetenradtr\u00e4ger: Die Produktion erfolgt pr\u00e4ziser, schneller sowie sparsamer und somit insgesamt kosteng\u00fcnstiger.\"><img decoding=\"async\" src=\"https:\/\/www.emag.com\/blog\/wp-content\/uploads\/2019\/07\/G075V0-585x390.jpg\" alt=\"Bearbeitung Planetenradtr\u00e4ger auf dem Dreh-Fr\u00e4szentrum VMC 450-5 MT\" title=\"Planetenradtr\u00e4ger\"><div class=\"caption\">Beispiel Planetenradtr\u00e4ger: Die Produktion erfolgt pr\u00e4ziser, schneller sowie sparsamer und somit insgesamt kosteng\u00fcnstiger.<\/div><\/a><a class=\"penci-gallery-ite item-gallery-justified\" href=\"https:\/\/www.emag.com\/blog\/wp-content\/uploads\/2019\/07\/VMC_Axis.jpg\" data-rel=\"penci-gallery-image-content\"  data-cap=\"VMC 450-5 MT von EMAG: Die Maschine erm\u00f6glicht mit ihren f\u00fcnf Achsen eine Komplettbearbeitung des Bauteils inklusive W\u00e4lzsch\u00e4len oder W\u00e4lzfr\u00e4sen.\"><img decoding=\"async\" src=\"https:\/\/www.emag.com\/blog\/wp-content\/uploads\/2019\/07\/VMC_Axis.jpg\" alt=\"Dreh-Fr\u00e4szentrum VMC 450-5 MT \u2013 Komplettbearbeitung mit 5 Achsen\" title=\"Dreh-Fr\u00e4szentrum VMC 450-5 MT \u2013 5 Achsen\"><div class=\"caption\">VMC 450-5 MT von EMAG: Die Maschine erm\u00f6glicht mit ihren f\u00fcnf Achsen eine Komplettbearbeitung des Bauteils inklusive W\u00e4lzsch\u00e4len oder W\u00e4lzfr\u00e4sen.<\/div><\/a><a class=\"penci-gallery-ite item-gallery-justified\" href=\"https:\/\/www.emag.com\/blog\/wp-content\/uploads\/2019\/07\/D878V0.jpg\" data-rel=\"penci-gallery-image-content\"  data-cap=\"Im Werkzeugmagazin mit bis zu 80 Pl\u00e4tzen lassen sich alle ben\u00f6tigten Werkzeuge beziehungsweise Schwesterwerkzeuge f\u00fcr verschiedene Bauteilvarianten ablegen.\"><img decoding=\"async\" src=\"https:\/\/www.emag.com\/blog\/wp-content\/uploads\/2019\/07\/D878V0-585x398.jpg\" alt=\"Dreh-Fr\u00e4szentrum VMC 450-5 MT \u2013 Werkzeugmagazin mit bis zu 80 Pl\u00e4tzen\" title=\"Dreh-Fr\u00e4szentrum VMC 450-5 MT \u2013 Werkzeugmagazin\"><div class=\"caption\">Im Werkzeugmagazin mit bis zu 80 Pl\u00e4tzen lassen sich alle ben\u00f6tigten Werkzeuge beziehungsweise Schwesterwerkzeuge f\u00fcr verschiedene Bauteilvarianten ablegen.<\/div><\/a><\/div>\n<p><strong>Wen m\u00f6chten Sie konkret mit Ihrer Maschine ansprechen?<\/strong><\/p>\n<p>Unsere Kunden sind Unternehmen der Nutzfahrzeug- und Zulieferindustrie sowie der Railway-Industrie. Die Anwendungsm\u00f6glichkeiten f\u00fcr die VMC 450-5 MT sind zahlreich, denn viele gro\u00dfe Bauteile in Nutzfahrzeugen und Industriegetrieben, im Schiff- und Eisenbahnbau oder im Agrar- und Bergbau-Bereich sind ungew\u00f6hnlich komplex. Mit der VMC 450-5 MT k\u00f6nnen alle Dreh-, Fr\u00e4s-, Bohr- und Verzahnungsprozesse in einem Arbeitsraum erfolgen. Daf\u00fcr wurde die Maschine mit f\u00fcnf Achsen ausger\u00fcstet. Die VMC-Baureihe erm\u00f6glicht eine neue Flexibilit\u00e4t bei der Bearbeitung von gr\u00f6\u00dferen Nutzfahrzeugkomponenten, wie LKW-Radnaben, LKW-Planetentr\u00e4ger, Kupplungen oder Bremskomponenten.<\/p>\n<p><strong>Ganz kurz, warum sollte man unbedingt den Stand der EMAG Gruppe auf der EMO besuchen? <\/strong><\/p>\n<p>EMAG bietet mit seiner breiten technologischen Basis und dem umfangreichen Maschinenportfolio die perfekte Werkzeugpalette, um ma\u00dfgeschneiderte L\u00f6sungen f\u00fcr die Fertigung zu entwickeln. Schwerpunkte bilden dabei auch Themen wie Elektromobilit\u00e4t, intelligente Automationsl\u00f6sungen, Industrie 4.0 und Digitalisierung der Produktion, \u00fcber die sich unsere Besucher umfangreich informieren k\u00f6nnen.<\/p>\n<p><strong>Herr Sieland, wir danken Ihnen f\u00fcr das Gespr\u00e4ch.<\/strong><\/p>\n","protected":false},"excerpt":{"rendered":"<p>\u201eSmarte Technologien treiben die Produktion von morgen!\u201c Das ist das Motto der EMO 2019 in Hannover. Doch wir sind der Meinung, nicht nur Smarte&hellip;<\/p>\n","protected":false},"author":13,"featured_media":2231,"comment_status":"open","ping_status":"open","sticky":false,"template":"","format":"standard","meta":{"_lmt_disableupdate":"","_lmt_disable":"","editor_notices":[],"footnotes":""},"categories":[2021,40],"tags":[819,1393,1099,84],"class_list":["post-2198","post","type-post","status-publish","format-standard","has-post-thumbnail","hentry","category-success-story","category-technologien","tag-emo-2019","tag-interview","tag-networkingemo","tag-schwerzerspanung"],"yoast_head":"<!-- This site is optimized with the Yoast SEO plugin v27.0 - https:\/\/yoast.com\/product\/yoast-seo-wordpress\/ -->\n<title>EMO 2019: Experteninterview mit Sebastian Sieland<\/title>\n<meta name=\"description\" content=\"Networking @ EMO 2019: Experteninterview mit Sebastian Sieland, Vertriebsleiter bei EMAG Leipzig Maschinenfabrik GmbH. Besuchen Sie uns auf der EMO Hannover\" \/>\n<meta name=\"robots\" content=\"index, follow, max-snippet:-1, max-image-preview:large, max-video-preview:-1\" \/>\n<link rel=\"canonical\" href=\"https:\/\/www.emag.com\/blog\/interview-mit-sebastian-sieland\/\" \/>\n<meta property=\"og:locale\" content=\"de_DE\" \/>\n<meta property=\"og:type\" content=\"article\" \/>\n<meta property=\"og:title\" content=\"EMO 2019: Experteninterview mit Sebastian Sieland\" \/>\n<meta property=\"og:description\" content=\"Networking @ EMO 2019: Experteninterview mit Sebastian Sieland, Vertriebsleiter bei EMAG Leipzig Maschinenfabrik GmbH\" \/>\n<meta property=\"og:url\" content=\"https:\/\/www.emag.com\/blog\/interview-mit-sebastian-sieland\/\" \/>\n<meta property=\"og:site_name\" content=\"EMAG \u2013 Unser Unternehmensblog\" \/>\n<meta property=\"article:publisher\" content=\"https:\/\/www.facebook.com\/EMAGGroup\" \/>\n<meta property=\"article:published_time\" content=\"2019-09-05T06:48:12+00:00\" \/>\n<meta property=\"article:modified_time\" content=\"2025-02-25T08:29:25+00:00\" \/>\n<meta property=\"og:image\" content=\"https:\/\/www.emag.com\/blog\/wp-content\/uploads\/2019\/09\/DSC08124-3_Fotor.jpg\" \/>\n\t<meta property=\"og:image:width\" content=\"1024\" \/>\n\t<meta property=\"og:image:height\" content=\"665\" \/>\n\t<meta property=\"og:image:type\" content=\"image\/jpeg\" \/>\n<meta name=\"author\" content=\"Oliver Hagenlocher\" \/>\n<meta name=\"twitter:card\" content=\"summary_large_image\" \/>\n<meta name=\"twitter:description\" content=\"Networking @ EMO 2019: Experteninterview mit Sebastian Sieland, Vertriebsleiter bei EMAG Leipzig Maschinenfabrik GmbH\" \/>\n<meta name=\"twitter:creator\" content=\"@EMAGGroup\" \/>\n<meta name=\"twitter:site\" content=\"@EMAGGroup\" \/>\n<meta name=\"twitter:label1\" content=\"Verfasst von\" \/>\n\t<meta name=\"twitter:data1\" content=\"Oliver Hagenlocher\" \/>\n\t<meta name=\"twitter:label2\" content=\"Gesch\u00e4tzte Lesezeit\" \/>\n\t<meta name=\"twitter:data2\" content=\"2\u00a0Minuten\" \/>\n<script type=\"application\/ld+json\" class=\"yoast-schema-graph\">{\"@context\":\"https:\/\/schema.org\",\"@graph\":[{\"@type\":\"Article\",\"@id\":\"https:\/\/www.emag.com\/blog\/interview-mit-sebastian-sieland\/#article\",\"isPartOf\":{\"@id\":\"https:\/\/www.emag.com\/blog\/interview-mit-sebastian-sieland\/\"},\"author\":{\"name\":\"Oliver Hagenlocher\",\"@id\":\"https:\/\/www.emag.com\/blog\/#\/schema\/person\/9ae8c8fc62dc80b80a172bf9b201adb6\"},\"headline\":\"Networking @ EMO: Interview mit Sebastian Sieland von EMAG Leipzig\",\"datePublished\":\"2019-09-05T06:48:12+00:00\",\"dateModified\":\"2025-02-25T08:29:25+00:00\",\"mainEntityOfPage\":{\"@id\":\"https:\/\/www.emag.com\/blog\/interview-mit-sebastian-sieland\/\"},\"wordCount\":484,\"commentCount\":0,\"publisher\":{\"@id\":\"https:\/\/www.emag.com\/blog\/#organization\"},\"image\":{\"@id\":\"https:\/\/www.emag.com\/blog\/interview-mit-sebastian-sieland\/#primaryimage\"},\"thumbnailUrl\":\"https:\/\/www.emag.com\/blog\/wp-content\/uploads\/2019\/09\/Sieland-EMAG-Leipzig.jpg\",\"keywords\":[\"EMO 2019\",\"Interview\",\"Networking@EMO\",\"Schwerzerspanung\"],\"articleSection\":[\"Success Story\",\"Technologien\"],\"inLanguage\":\"de\",\"potentialAction\":[{\"@type\":\"CommentAction\",\"name\":\"Comment\",\"target\":[\"https:\/\/www.emag.com\/blog\/interview-mit-sebastian-sieland\/#respond\"]}]},{\"@type\":\"WebPage\",\"@id\":\"https:\/\/www.emag.com\/blog\/interview-mit-sebastian-sieland\/\",\"url\":\"https:\/\/www.emag.com\/blog\/interview-mit-sebastian-sieland\/\",\"name\":\"EMO 2019: Experteninterview mit Sebastian Sieland\",\"isPartOf\":{\"@id\":\"https:\/\/www.emag.com\/blog\/#website\"},\"primaryImageOfPage\":{\"@id\":\"https:\/\/www.emag.com\/blog\/interview-mit-sebastian-sieland\/#primaryimage\"},\"image\":{\"@id\":\"https:\/\/www.emag.com\/blog\/interview-mit-sebastian-sieland\/#primaryimage\"},\"thumbnailUrl\":\"https:\/\/www.emag.com\/blog\/wp-content\/uploads\/2019\/09\/Sieland-EMAG-Leipzig.jpg\",\"datePublished\":\"2019-09-05T06:48:12+00:00\",\"dateModified\":\"2025-02-25T08:29:25+00:00\",\"description\":\"Networking @ EMO 2019: Experteninterview mit Sebastian Sieland, Vertriebsleiter bei EMAG Leipzig Maschinenfabrik GmbH. Besuchen Sie uns auf der EMO Hannover\",\"breadcrumb\":{\"@id\":\"https:\/\/www.emag.com\/blog\/interview-mit-sebastian-sieland\/#breadcrumb\"},\"inLanguage\":\"de\",\"potentialAction\":[{\"@type\":\"ReadAction\",\"target\":[\"https:\/\/www.emag.com\/blog\/interview-mit-sebastian-sieland\/\"]}]},{\"@type\":\"ImageObject\",\"inLanguage\":\"de\",\"@id\":\"https:\/\/www.emag.com\/blog\/interview-mit-sebastian-sieland\/#primaryimage\",\"url\":\"https:\/\/www.emag.com\/blog\/wp-content\/uploads\/2019\/09\/Sieland-EMAG-Leipzig.jpg\",\"contentUrl\":\"https:\/\/www.emag.com\/blog\/wp-content\/uploads\/2019\/09\/Sieland-EMAG-Leipzig.jpg\",\"width\":1024,\"height\":683,\"caption\":\"Sebastian Sieland stellt die VMC 450-5 MT vor.\"},{\"@type\":\"BreadcrumbList\",\"@id\":\"https:\/\/www.emag.com\/blog\/interview-mit-sebastian-sieland\/#breadcrumb\",\"itemListElement\":[{\"@type\":\"ListItem\",\"position\":1,\"name\":\"Startseite\",\"item\":\"https:\/\/www.emag.com\/blog\/\"},{\"@type\":\"ListItem\",\"position\":2,\"name\":\"Networking @ EMO: Interview mit Sebastian Sieland von EMAG Leipzig\"}]},{\"@type\":\"WebSite\",\"@id\":\"https:\/\/www.emag.com\/blog\/#website\",\"url\":\"https:\/\/www.emag.com\/blog\/\",\"name\":\"EMAG \u2013 Unser Unternehmensblog\",\"description\":\"Erfahre alles rund um die EMAG Gruppe\",\"publisher\":{\"@id\":\"https:\/\/www.emag.com\/blog\/#organization\"},\"potentialAction\":[{\"@type\":\"SearchAction\",\"target\":{\"@type\":\"EntryPoint\",\"urlTemplate\":\"https:\/\/www.emag.com\/blog\/?s={search_term_string}\"},\"query-input\":{\"@type\":\"PropertyValueSpecification\",\"valueRequired\":true,\"valueName\":\"search_term_string\"}}],\"inLanguage\":\"de\"},{\"@type\":\"Organization\",\"@id\":\"https:\/\/www.emag.com\/blog\/#organization\",\"name\":\"EMAG GmbH & Co. KG\",\"url\":\"https:\/\/www.emag.com\/blog\/\",\"logo\":{\"@type\":\"ImageObject\",\"inLanguage\":\"de\",\"@id\":\"https:\/\/www.emag.com\/blog\/#\/schema\/logo\/image\/\",\"url\":\"https:\/\/www.emag.com\/blog\/wp-content\/uploads\/2016\/12\/emag-logo-header2.png\",\"contentUrl\":\"https:\/\/www.emag.com\/blog\/wp-content\/uploads\/2016\/12\/emag-logo-header2.png\",\"width\":248,\"height\":72,\"caption\":\"EMAG GmbH & Co. KG\"},\"image\":{\"@id\":\"https:\/\/www.emag.com\/blog\/#\/schema\/logo\/image\/\"},\"sameAs\":[\"https:\/\/www.facebook.com\/EMAGGroup\",\"https:\/\/x.com\/EMAGGroup\"]},{\"@type\":\"Person\",\"@id\":\"https:\/\/www.emag.com\/blog\/#\/schema\/person\/9ae8c8fc62dc80b80a172bf9b201adb6\",\"name\":\"Oliver Hagenlocher\",\"image\":{\"@type\":\"ImageObject\",\"inLanguage\":\"de\",\"@id\":\"https:\/\/www.emag.com\/blog\/#\/schema\/person\/image\/\",\"url\":\"https:\/\/www.emag.com\/blog\/wp-content\/uploads\/2024\/12\/cropped-Blog_Oli_200x200px-96x96.jpg\",\"contentUrl\":\"https:\/\/www.emag.com\/blog\/wp-content\/uploads\/2024\/12\/cropped-Blog_Oli_200x200px-96x96.jpg\",\"caption\":\"Oliver Hagenlocher\"}}]}<\/script>\n<!-- \/ Yoast SEO plugin. -->","yoast_head_json":{"title":"EMO 2019: Experteninterview mit Sebastian Sieland","description":"Networking @ EMO 2019: Experteninterview mit Sebastian Sieland, Vertriebsleiter bei EMAG Leipzig Maschinenfabrik GmbH. Besuchen Sie uns auf der EMO Hannover","robots":{"index":"index","follow":"follow","max-snippet":"max-snippet:-1","max-image-preview":"max-image-preview:large","max-video-preview":"max-video-preview:-1"},"canonical":"https:\/\/www.emag.com\/blog\/interview-mit-sebastian-sieland\/","og_locale":"de_DE","og_type":"article","og_title":"EMO 2019: Experteninterview mit Sebastian Sieland","og_description":"Networking @ EMO 2019: Experteninterview mit Sebastian Sieland, Vertriebsleiter bei EMAG Leipzig Maschinenfabrik GmbH","og_url":"https:\/\/www.emag.com\/blog\/interview-mit-sebastian-sieland\/","og_site_name":"EMAG \u2013 Unser Unternehmensblog","article_publisher":"https:\/\/www.facebook.com\/EMAGGroup","article_published_time":"2019-09-05T06:48:12+00:00","article_modified_time":"2025-02-25T08:29:25+00:00","og_image":[{"width":1024,"height":665,"url":"https:\/\/www.emag.com\/blog\/wp-content\/uploads\/2019\/09\/DSC08124-3_Fotor.jpg","type":"image\/jpeg"}],"author":"Oliver Hagenlocher","twitter_card":"summary_large_image","twitter_description":"Networking @ EMO 2019: Experteninterview mit Sebastian Sieland, Vertriebsleiter bei EMAG Leipzig Maschinenfabrik GmbH","twitter_creator":"@EMAGGroup","twitter_site":"@EMAGGroup","twitter_misc":{"Verfasst von":"Oliver Hagenlocher","Gesch\u00e4tzte Lesezeit":"2\u00a0Minuten"},"schema":{"@context":"https:\/\/schema.org","@graph":[{"@type":"Article","@id":"https:\/\/www.emag.com\/blog\/interview-mit-sebastian-sieland\/#article","isPartOf":{"@id":"https:\/\/www.emag.com\/blog\/interview-mit-sebastian-sieland\/"},"author":{"name":"Oliver Hagenlocher","@id":"https:\/\/www.emag.com\/blog\/#\/schema\/person\/9ae8c8fc62dc80b80a172bf9b201adb6"},"headline":"Networking @ EMO: Interview mit Sebastian Sieland von EMAG Leipzig","datePublished":"2019-09-05T06:48:12+00:00","dateModified":"2025-02-25T08:29:25+00:00","mainEntityOfPage":{"@id":"https:\/\/www.emag.com\/blog\/interview-mit-sebastian-sieland\/"},"wordCount":484,"commentCount":0,"publisher":{"@id":"https:\/\/www.emag.com\/blog\/#organization"},"image":{"@id":"https:\/\/www.emag.com\/blog\/interview-mit-sebastian-sieland\/#primaryimage"},"thumbnailUrl":"https:\/\/www.emag.com\/blog\/wp-content\/uploads\/2019\/09\/Sieland-EMAG-Leipzig.jpg","keywords":["EMO 2019","Interview","Networking@EMO","Schwerzerspanung"],"articleSection":["Success Story","Technologien"],"inLanguage":"de","potentialAction":[{"@type":"CommentAction","name":"Comment","target":["https:\/\/www.emag.com\/blog\/interview-mit-sebastian-sieland\/#respond"]}]},{"@type":"WebPage","@id":"https:\/\/www.emag.com\/blog\/interview-mit-sebastian-sieland\/","url":"https:\/\/www.emag.com\/blog\/interview-mit-sebastian-sieland\/","name":"EMO 2019: Experteninterview mit Sebastian Sieland","isPartOf":{"@id":"https:\/\/www.emag.com\/blog\/#website"},"primaryImageOfPage":{"@id":"https:\/\/www.emag.com\/blog\/interview-mit-sebastian-sieland\/#primaryimage"},"image":{"@id":"https:\/\/www.emag.com\/blog\/interview-mit-sebastian-sieland\/#primaryimage"},"thumbnailUrl":"https:\/\/www.emag.com\/blog\/wp-content\/uploads\/2019\/09\/Sieland-EMAG-Leipzig.jpg","datePublished":"2019-09-05T06:48:12+00:00","dateModified":"2025-02-25T08:29:25+00:00","description":"Networking @ EMO 2019: Experteninterview mit Sebastian Sieland, Vertriebsleiter bei EMAG Leipzig Maschinenfabrik GmbH. Besuchen Sie uns auf der EMO Hannover","breadcrumb":{"@id":"https:\/\/www.emag.com\/blog\/interview-mit-sebastian-sieland\/#breadcrumb"},"inLanguage":"de","potentialAction":[{"@type":"ReadAction","target":["https:\/\/www.emag.com\/blog\/interview-mit-sebastian-sieland\/"]}]},{"@type":"ImageObject","inLanguage":"de","@id":"https:\/\/www.emag.com\/blog\/interview-mit-sebastian-sieland\/#primaryimage","url":"https:\/\/www.emag.com\/blog\/wp-content\/uploads\/2019\/09\/Sieland-EMAG-Leipzig.jpg","contentUrl":"https:\/\/www.emag.com\/blog\/wp-content\/uploads\/2019\/09\/Sieland-EMAG-Leipzig.jpg","width":1024,"height":683,"caption":"Sebastian Sieland stellt die VMC 450-5 MT vor."},{"@type":"BreadcrumbList","@id":"https:\/\/www.emag.com\/blog\/interview-mit-sebastian-sieland\/#breadcrumb","itemListElement":[{"@type":"ListItem","position":1,"name":"Startseite","item":"https:\/\/www.emag.com\/blog\/"},{"@type":"ListItem","position":2,"name":"Networking @ EMO: Interview mit Sebastian Sieland von EMAG Leipzig"}]},{"@type":"WebSite","@id":"https:\/\/www.emag.com\/blog\/#website","url":"https:\/\/www.emag.com\/blog\/","name":"EMAG \u2013 Unser Unternehmensblog","description":"Erfahre alles rund um die EMAG Gruppe","publisher":{"@id":"https:\/\/www.emag.com\/blog\/#organization"},"potentialAction":[{"@type":"SearchAction","target":{"@type":"EntryPoint","urlTemplate":"https:\/\/www.emag.com\/blog\/?s={search_term_string}"},"query-input":{"@type":"PropertyValueSpecification","valueRequired":true,"valueName":"search_term_string"}}],"inLanguage":"de"},{"@type":"Organization","@id":"https:\/\/www.emag.com\/blog\/#organization","name":"EMAG GmbH & Co. KG","url":"https:\/\/www.emag.com\/blog\/","logo":{"@type":"ImageObject","inLanguage":"de","@id":"https:\/\/www.emag.com\/blog\/#\/schema\/logo\/image\/","url":"https:\/\/www.emag.com\/blog\/wp-content\/uploads\/2016\/12\/emag-logo-header2.png","contentUrl":"https:\/\/www.emag.com\/blog\/wp-content\/uploads\/2016\/12\/emag-logo-header2.png","width":248,"height":72,"caption":"EMAG GmbH & Co. KG"},"image":{"@id":"https:\/\/www.emag.com\/blog\/#\/schema\/logo\/image\/"},"sameAs":["https:\/\/www.facebook.com\/EMAGGroup","https:\/\/x.com\/EMAGGroup"]},{"@type":"Person","@id":"https:\/\/www.emag.com\/blog\/#\/schema\/person\/9ae8c8fc62dc80b80a172bf9b201adb6","name":"Oliver Hagenlocher","image":{"@type":"ImageObject","inLanguage":"de","@id":"https:\/\/www.emag.com\/blog\/#\/schema\/person\/image\/","url":"https:\/\/www.emag.com\/blog\/wp-content\/uploads\/2024\/12\/cropped-Blog_Oli_200x200px-96x96.jpg","contentUrl":"https:\/\/www.emag.com\/blog\/wp-content\/uploads\/2024\/12\/cropped-Blog_Oli_200x200px-96x96.jpg","caption":"Oliver Hagenlocher"}}]}},"_links":{"self":[{"href":"https:\/\/www.emag.com\/blog\/wp-json\/wp\/v2\/posts\/2198","targetHints":{"allow":["GET"]}}],"collection":[{"href":"https:\/\/www.emag.com\/blog\/wp-json\/wp\/v2\/posts"}],"about":[{"href":"https:\/\/www.emag.com\/blog\/wp-json\/wp\/v2\/types\/post"}],"author":[{"embeddable":true,"href":"https:\/\/www.emag.com\/blog\/wp-json\/wp\/v2\/users\/13"}],"replies":[{"embeddable":true,"href":"https:\/\/www.emag.com\/blog\/wp-json\/wp\/v2\/comments?post=2198"}],"version-history":[{"count":5,"href":"https:\/\/www.emag.com\/blog\/wp-json\/wp\/v2\/posts\/2198\/revisions"}],"predecessor-version":[{"id":2233,"href":"https:\/\/www.emag.com\/blog\/wp-json\/wp\/v2\/posts\/2198\/revisions\/2233"}],"wp:featuredmedia":[{"embeddable":true,"href":"https:\/\/www.emag.com\/blog\/wp-json\/wp\/v2\/media\/2231"}],"wp:attachment":[{"href":"https:\/\/www.emag.com\/blog\/wp-json\/wp\/v2\/media?parent=2198"}],"wp:term":[{"taxonomy":"category","embeddable":true,"href":"https:\/\/www.emag.com\/blog\/wp-json\/wp\/v2\/categories?post=2198"},{"taxonomy":"post_tag","embeddable":true,"href":"https:\/\/www.emag.com\/blog\/wp-json\/wp\/v2\/tags?post=2198"}],"curies":[{"name":"wp","href":"https:\/\/api.w.org\/{rel}","templated":true}]}}