{"id":2135,"date":"2019-10-14T09:49:47","date_gmt":"2019-10-14T07:49:47","guid":{"rendered":"https:\/\/www.emag.com\/blog\/?p=2135"},"modified":"2025-02-25T09:44:24","modified_gmt":"2025-02-25T08:44:24","slug":"fertigungssystem-turbolader","status":"publish","type":"post","link":"https:\/\/www.emag.com\/blog\/fertigungssystem-turbolader\/","title":{"rendered":"Neue Fertigungslinie f\u00fcr Turbolader"},"content":{"rendered":"<p>Die Bearbeitung von Turbolader-Komponenten geh\u00f6rt zu den besonders anspruchsvollen Aufgaben im Automobilbau. Mit einer ganzheitlichen Linienl\u00f6sung sorgt EMAG f\u00fcr Tempo und Pr\u00e4zision.<\/p>\n<p><!--more--><\/p>\n<p>Turbolader spielen eine entscheidende Rolle in modernen Pkw-Motoren. Sie verdichten die angesaugte Frischluft und pressen sie in die Brennr\u00e4ume. Damit wird bei gleicher Motorgr\u00f6\u00dfe die Leistung gesteigert oder trotz kleineren Motoren die hohe Leistung beibehalten (downsizing). Die Welle dreht im Turbolader mit bis zu 290.000 Umdrehungen pro Minute. Das f\u00fchrt zu extremen Belastungen des Bauteils bei hohen Temperaturen. Folglich setzen Entwickler hier auf Hochleistungs-Werkstoffe, die selbst einer 1.000-Grad-Belastung standhalten. Wie l\u00e4sst sich die anspruchsvolle Finishbearbeitung einer geschwei\u00dften Turbinenwelle inklusive Turbinenrad effizient und prozesssicher umsetzen?<\/p>\n<h2>Neue Linienl\u00f6sung sorgt f\u00fcr Tempo<\/h2>\n<p>EMAG hat f\u00fcr diese Aufgabe eine Linienl\u00f6sung \u201eaus einer Hand\u201c entwickelt. Dabei durchl\u00e4uft das Bauteil f\u00fcnf Hauptprozesse \u2013 vom Vordrehen \u00fcber das Induktionsh\u00e4rten bis zum Schleifen von Welle, Rad und Schultern. Den Abschluss bildet das elektrochemische Wuchten auf einer Maschine von EMAG ECM.<\/p>\n","protected":false},"excerpt":{"rendered":"<p>Die Bearbeitung von Turbolader-Komponenten geh\u00f6rt zu den besonders anspruchsvollen Aufgaben im Automobilbau. Mit einer ganzheitlichen Linienl\u00f6sung sorgt EMAG f\u00fcr Tempo und Pr\u00e4zision.<\/p>\n","protected":false},"author":13,"featured_media":2170,"comment_status":"open","ping_status":"open","sticky":false,"template":"","format":"video","meta":{"_lmt_disableupdate":"","_lmt_disable":"","editor_notices":[],"footnotes":""},"categories":[67,40],"tags":[69,819],"class_list":["post-2135","post","type-post","status-publish","format-video","has-post-thumbnail","hentry","category-maschinen","category-technologien","tag-automobilbau","tag-emo-2019","post_format-post-format-video"],"yoast_head":"<!-- This site is optimized with the Yoast SEO plugin v27.0 - https:\/\/yoast.com\/product\/yoast-seo-wordpress\/ -->\n<title>Neue Fertigungslinie f\u00fcr Turbolader - EMAG Video<\/title>\n<meta name=\"description\" content=\"Neue Fertigungslinie f\u00fcr Turbolader: In diesem Film zeigt EMAG ein neues kompaktes Fertigungssystem f\u00fcr Turbolader. Sehen Sie hier die Linie in Aktion.\" \/>\n<meta name=\"robots\" content=\"index, follow, max-snippet:-1, max-image-preview:large, max-video-preview:-1\" \/>\n<link rel=\"canonical\" href=\"https:\/\/www.emag.com\/blog\/fertigungssystem-turbolader\/\" \/>\n<meta property=\"og:locale\" content=\"de_DE\" \/>\n<meta property=\"og:type\" content=\"article\" \/>\n<meta property=\"og:title\" content=\"Neue Fertigungslinie f\u00fcr Turbolader - EMAG Video\" \/>\n<meta property=\"og:description\" content=\"Neue Fertigungslinie f\u00fcr Turbolader: In diesem Film zeigt EMAG ein neues kompaktes Fertigungssystem f\u00fcr Turbolader. Sehen Sie hier die Linie in Aktion.\" \/>\n<meta property=\"og:url\" content=\"https:\/\/www.emag.com\/blog\/fertigungssystem-turbolader\/\" \/>\n<meta property=\"og:site_name\" content=\"EMAG \u2013 Unser Unternehmensblog\" \/>\n<meta property=\"article:publisher\" content=\"https:\/\/www.facebook.com\/EMAGGroup\" \/>\n<meta property=\"article:published_time\" content=\"2019-10-14T07:49:47+00:00\" \/>\n<meta property=\"article:modified_time\" content=\"2025-02-25T08:44:24+00:00\" \/>\n<meta property=\"og:image\" content=\"https:\/\/www.emag.com\/blog\/wp-content\/uploads\/2019\/08\/Unbenannt.jpg\" \/>\n\t<meta property=\"og:image:width\" content=\"1291\" \/>\n\t<meta property=\"og:image:height\" content=\"693\" \/>\n\t<meta property=\"og:image:type\" content=\"image\/jpeg\" \/>\n<meta name=\"author\" content=\"Oliver Hagenlocher\" \/>\n<meta name=\"twitter:card\" content=\"summary_large_image\" \/>\n<meta name=\"twitter:creator\" content=\"@EMAGGroup\" \/>\n<meta name=\"twitter:site\" content=\"@EMAGGroup\" \/>\n<meta name=\"twitter:label1\" content=\"Verfasst von\" \/>\n\t<meta name=\"twitter:data1\" content=\"Oliver Hagenlocher\" \/>\n\t<meta name=\"twitter:label2\" content=\"Gesch\u00e4tzte Lesezeit\" \/>\n\t<meta name=\"twitter:data2\" content=\"1\u00a0Minute\" \/>\n<script type=\"application\/ld+json\" class=\"yoast-schema-graph\">{\"@context\":\"https:\/\/schema.org\",\"@graph\":[{\"@type\":\"Article\",\"@id\":\"https:\/\/www.emag.com\/blog\/fertigungssystem-turbolader\/#article\",\"isPartOf\":{\"@id\":\"https:\/\/www.emag.com\/blog\/fertigungssystem-turbolader\/\"},\"author\":{\"name\":\"Oliver Hagenlocher\",\"@id\":\"https:\/\/www.emag.com\/blog\/#\/schema\/person\/9ae8c8fc62dc80b80a172bf9b201adb6\"},\"headline\":\"Neue Fertigungslinie f\u00fcr Turbolader\",\"datePublished\":\"2019-10-14T07:49:47+00:00\",\"dateModified\":\"2025-02-25T08:44:24+00:00\",\"mainEntityOfPage\":{\"@id\":\"https:\/\/www.emag.com\/blog\/fertigungssystem-turbolader\/\"},\"wordCount\":173,\"commentCount\":0,\"publisher\":{\"@id\":\"https:\/\/www.emag.com\/blog\/#organization\"},\"image\":{\"@id\":\"https:\/\/www.emag.com\/blog\/fertigungssystem-turbolader\/#primaryimage\"},\"thumbnailUrl\":\"https:\/\/www.emag.com\/blog\/wp-content\/uploads\/2019\/08\/Unbenannt.jpg\",\"keywords\":[\"Automobilbau\",\"EMO 2019\"],\"articleSection\":[\"Maschinen\",\"Technologien\"],\"inLanguage\":\"de\",\"potentialAction\":[{\"@type\":\"CommentAction\",\"name\":\"Comment\",\"target\":[\"https:\/\/www.emag.com\/blog\/fertigungssystem-turbolader\/#respond\"]}]},{\"@type\":\"WebPage\",\"@id\":\"https:\/\/www.emag.com\/blog\/fertigungssystem-turbolader\/\",\"url\":\"https:\/\/www.emag.com\/blog\/fertigungssystem-turbolader\/\",\"name\":\"Neue Fertigungslinie f\u00fcr Turbolader - EMAG Video\",\"isPartOf\":{\"@id\":\"https:\/\/www.emag.com\/blog\/#website\"},\"primaryImageOfPage\":{\"@id\":\"https:\/\/www.emag.com\/blog\/fertigungssystem-turbolader\/#primaryimage\"},\"image\":{\"@id\":\"https:\/\/www.emag.com\/blog\/fertigungssystem-turbolader\/#primaryimage\"},\"thumbnailUrl\":\"https:\/\/www.emag.com\/blog\/wp-content\/uploads\/2019\/08\/Unbenannt.jpg\",\"datePublished\":\"2019-10-14T07:49:47+00:00\",\"dateModified\":\"2025-02-25T08:44:24+00:00\",\"description\":\"Neue Fertigungslinie f\u00fcr Turbolader: In diesem Film zeigt EMAG ein neues kompaktes Fertigungssystem f\u00fcr Turbolader. Sehen Sie hier die Linie in Aktion.\",\"breadcrumb\":{\"@id\":\"https:\/\/www.emag.com\/blog\/fertigungssystem-turbolader\/#breadcrumb\"},\"inLanguage\":\"de\",\"potentialAction\":[{\"@type\":\"ReadAction\",\"target\":[\"https:\/\/www.emag.com\/blog\/fertigungssystem-turbolader\/\"]}]},{\"@type\":\"ImageObject\",\"inLanguage\":\"de\",\"@id\":\"https:\/\/www.emag.com\/blog\/fertigungssystem-turbolader\/#primaryimage\",\"url\":\"https:\/\/www.emag.com\/blog\/wp-content\/uploads\/2019\/08\/Unbenannt.jpg\",\"contentUrl\":\"https:\/\/www.emag.com\/blog\/wp-content\/uploads\/2019\/08\/Unbenannt.jpg\",\"width\":1291,\"height\":693,\"caption\":\"Komplettes Fertigungssystem f\u00fcr die Bearbeitung von Turboladern.\"},{\"@type\":\"BreadcrumbList\",\"@id\":\"https:\/\/www.emag.com\/blog\/fertigungssystem-turbolader\/#breadcrumb\",\"itemListElement\":[{\"@type\":\"ListItem\",\"position\":1,\"name\":\"Startseite\",\"item\":\"https:\/\/www.emag.com\/blog\/\"},{\"@type\":\"ListItem\",\"position\":2,\"name\":\"Neue Fertigungslinie f\u00fcr Turbolader\"}]},{\"@type\":\"WebSite\",\"@id\":\"https:\/\/www.emag.com\/blog\/#website\",\"url\":\"https:\/\/www.emag.com\/blog\/\",\"name\":\"EMAG \u2013 Unser Unternehmensblog\",\"description\":\"Erfahre alles rund um die EMAG Gruppe\",\"publisher\":{\"@id\":\"https:\/\/www.emag.com\/blog\/#organization\"},\"potentialAction\":[{\"@type\":\"SearchAction\",\"target\":{\"@type\":\"EntryPoint\",\"urlTemplate\":\"https:\/\/www.emag.com\/blog\/?s={search_term_string}\"},\"query-input\":{\"@type\":\"PropertyValueSpecification\",\"valueRequired\":true,\"valueName\":\"search_term_string\"}}],\"inLanguage\":\"de\"},{\"@type\":\"Organization\",\"@id\":\"https:\/\/www.emag.com\/blog\/#organization\",\"name\":\"EMAG GmbH & Co. KG\",\"url\":\"https:\/\/www.emag.com\/blog\/\",\"logo\":{\"@type\":\"ImageObject\",\"inLanguage\":\"de\",\"@id\":\"https:\/\/www.emag.com\/blog\/#\/schema\/logo\/image\/\",\"url\":\"https:\/\/www.emag.com\/blog\/wp-content\/uploads\/2016\/12\/emag-logo-header2.png\",\"contentUrl\":\"https:\/\/www.emag.com\/blog\/wp-content\/uploads\/2016\/12\/emag-logo-header2.png\",\"width\":248,\"height\":72,\"caption\":\"EMAG GmbH & Co. KG\"},\"image\":{\"@id\":\"https:\/\/www.emag.com\/blog\/#\/schema\/logo\/image\/\"},\"sameAs\":[\"https:\/\/www.facebook.com\/EMAGGroup\",\"https:\/\/x.com\/EMAGGroup\"]},{\"@type\":\"Person\",\"@id\":\"https:\/\/www.emag.com\/blog\/#\/schema\/person\/9ae8c8fc62dc80b80a172bf9b201adb6\",\"name\":\"Oliver Hagenlocher\",\"image\":{\"@type\":\"ImageObject\",\"inLanguage\":\"de\",\"@id\":\"https:\/\/www.emag.com\/blog\/#\/schema\/person\/image\/\",\"url\":\"https:\/\/www.emag.com\/blog\/wp-content\/uploads\/2024\/12\/cropped-Blog_Oli_200x200px-96x96.jpg\",\"contentUrl\":\"https:\/\/www.emag.com\/blog\/wp-content\/uploads\/2024\/12\/cropped-Blog_Oli_200x200px-96x96.jpg\",\"caption\":\"Oliver Hagenlocher\"}}]}<\/script>\n<!-- \/ Yoast SEO plugin. -->","yoast_head_json":{"title":"Neue Fertigungslinie f\u00fcr Turbolader - EMAG Video","description":"Neue Fertigungslinie f\u00fcr Turbolader: In diesem Film zeigt EMAG ein neues kompaktes Fertigungssystem f\u00fcr Turbolader. Sehen Sie hier die Linie in Aktion.","robots":{"index":"index","follow":"follow","max-snippet":"max-snippet:-1","max-image-preview":"max-image-preview:large","max-video-preview":"max-video-preview:-1"},"canonical":"https:\/\/www.emag.com\/blog\/fertigungssystem-turbolader\/","og_locale":"de_DE","og_type":"article","og_title":"Neue Fertigungslinie f\u00fcr Turbolader - EMAG Video","og_description":"Neue Fertigungslinie f\u00fcr Turbolader: In diesem Film zeigt EMAG ein neues kompaktes Fertigungssystem f\u00fcr Turbolader. Sehen Sie hier die Linie in Aktion.","og_url":"https:\/\/www.emag.com\/blog\/fertigungssystem-turbolader\/","og_site_name":"EMAG \u2013 Unser Unternehmensblog","article_publisher":"https:\/\/www.facebook.com\/EMAGGroup","article_published_time":"2019-10-14T07:49:47+00:00","article_modified_time":"2025-02-25T08:44:24+00:00","og_image":[{"width":1291,"height":693,"url":"https:\/\/www.emag.com\/blog\/wp-content\/uploads\/2019\/08\/Unbenannt.jpg","type":"image\/jpeg"}],"author":"Oliver Hagenlocher","twitter_card":"summary_large_image","twitter_creator":"@EMAGGroup","twitter_site":"@EMAGGroup","twitter_misc":{"Verfasst von":"Oliver Hagenlocher","Gesch\u00e4tzte Lesezeit":"1\u00a0Minute"},"schema":{"@context":"https:\/\/schema.org","@graph":[{"@type":"Article","@id":"https:\/\/www.emag.com\/blog\/fertigungssystem-turbolader\/#article","isPartOf":{"@id":"https:\/\/www.emag.com\/blog\/fertigungssystem-turbolader\/"},"author":{"name":"Oliver Hagenlocher","@id":"https:\/\/www.emag.com\/blog\/#\/schema\/person\/9ae8c8fc62dc80b80a172bf9b201adb6"},"headline":"Neue Fertigungslinie f\u00fcr Turbolader","datePublished":"2019-10-14T07:49:47+00:00","dateModified":"2025-02-25T08:44:24+00:00","mainEntityOfPage":{"@id":"https:\/\/www.emag.com\/blog\/fertigungssystem-turbolader\/"},"wordCount":173,"commentCount":0,"publisher":{"@id":"https:\/\/www.emag.com\/blog\/#organization"},"image":{"@id":"https:\/\/www.emag.com\/blog\/fertigungssystem-turbolader\/#primaryimage"},"thumbnailUrl":"https:\/\/www.emag.com\/blog\/wp-content\/uploads\/2019\/08\/Unbenannt.jpg","keywords":["Automobilbau","EMO 2019"],"articleSection":["Maschinen","Technologien"],"inLanguage":"de","potentialAction":[{"@type":"CommentAction","name":"Comment","target":["https:\/\/www.emag.com\/blog\/fertigungssystem-turbolader\/#respond"]}]},{"@type":"WebPage","@id":"https:\/\/www.emag.com\/blog\/fertigungssystem-turbolader\/","url":"https:\/\/www.emag.com\/blog\/fertigungssystem-turbolader\/","name":"Neue Fertigungslinie f\u00fcr Turbolader - EMAG Video","isPartOf":{"@id":"https:\/\/www.emag.com\/blog\/#website"},"primaryImageOfPage":{"@id":"https:\/\/www.emag.com\/blog\/fertigungssystem-turbolader\/#primaryimage"},"image":{"@id":"https:\/\/www.emag.com\/blog\/fertigungssystem-turbolader\/#primaryimage"},"thumbnailUrl":"https:\/\/www.emag.com\/blog\/wp-content\/uploads\/2019\/08\/Unbenannt.jpg","datePublished":"2019-10-14T07:49:47+00:00","dateModified":"2025-02-25T08:44:24+00:00","description":"Neue Fertigungslinie f\u00fcr Turbolader: In diesem Film zeigt EMAG ein neues kompaktes Fertigungssystem f\u00fcr Turbolader. Sehen Sie hier die Linie in Aktion.","breadcrumb":{"@id":"https:\/\/www.emag.com\/blog\/fertigungssystem-turbolader\/#breadcrumb"},"inLanguage":"de","potentialAction":[{"@type":"ReadAction","target":["https:\/\/www.emag.com\/blog\/fertigungssystem-turbolader\/"]}]},{"@type":"ImageObject","inLanguage":"de","@id":"https:\/\/www.emag.com\/blog\/fertigungssystem-turbolader\/#primaryimage","url":"https:\/\/www.emag.com\/blog\/wp-content\/uploads\/2019\/08\/Unbenannt.jpg","contentUrl":"https:\/\/www.emag.com\/blog\/wp-content\/uploads\/2019\/08\/Unbenannt.jpg","width":1291,"height":693,"caption":"Komplettes Fertigungssystem f\u00fcr die Bearbeitung von Turboladern."},{"@type":"BreadcrumbList","@id":"https:\/\/www.emag.com\/blog\/fertigungssystem-turbolader\/#breadcrumb","itemListElement":[{"@type":"ListItem","position":1,"name":"Startseite","item":"https:\/\/www.emag.com\/blog\/"},{"@type":"ListItem","position":2,"name":"Neue Fertigungslinie f\u00fcr Turbolader"}]},{"@type":"WebSite","@id":"https:\/\/www.emag.com\/blog\/#website","url":"https:\/\/www.emag.com\/blog\/","name":"EMAG \u2013 Unser Unternehmensblog","description":"Erfahre alles rund um die EMAG Gruppe","publisher":{"@id":"https:\/\/www.emag.com\/blog\/#organization"},"potentialAction":[{"@type":"SearchAction","target":{"@type":"EntryPoint","urlTemplate":"https:\/\/www.emag.com\/blog\/?s={search_term_string}"},"query-input":{"@type":"PropertyValueSpecification","valueRequired":true,"valueName":"search_term_string"}}],"inLanguage":"de"},{"@type":"Organization","@id":"https:\/\/www.emag.com\/blog\/#organization","name":"EMAG GmbH & Co. KG","url":"https:\/\/www.emag.com\/blog\/","logo":{"@type":"ImageObject","inLanguage":"de","@id":"https:\/\/www.emag.com\/blog\/#\/schema\/logo\/image\/","url":"https:\/\/www.emag.com\/blog\/wp-content\/uploads\/2016\/12\/emag-logo-header2.png","contentUrl":"https:\/\/www.emag.com\/blog\/wp-content\/uploads\/2016\/12\/emag-logo-header2.png","width":248,"height":72,"caption":"EMAG GmbH & Co. KG"},"image":{"@id":"https:\/\/www.emag.com\/blog\/#\/schema\/logo\/image\/"},"sameAs":["https:\/\/www.facebook.com\/EMAGGroup","https:\/\/x.com\/EMAGGroup"]},{"@type":"Person","@id":"https:\/\/www.emag.com\/blog\/#\/schema\/person\/9ae8c8fc62dc80b80a172bf9b201adb6","name":"Oliver Hagenlocher","image":{"@type":"ImageObject","inLanguage":"de","@id":"https:\/\/www.emag.com\/blog\/#\/schema\/person\/image\/","url":"https:\/\/www.emag.com\/blog\/wp-content\/uploads\/2024\/12\/cropped-Blog_Oli_200x200px-96x96.jpg","contentUrl":"https:\/\/www.emag.com\/blog\/wp-content\/uploads\/2024\/12\/cropped-Blog_Oli_200x200px-96x96.jpg","caption":"Oliver Hagenlocher"}}]}},"_links":{"self":[{"href":"https:\/\/www.emag.com\/blog\/wp-json\/wp\/v2\/posts\/2135","targetHints":{"allow":["GET"]}}],"collection":[{"href":"https:\/\/www.emag.com\/blog\/wp-json\/wp\/v2\/posts"}],"about":[{"href":"https:\/\/www.emag.com\/blog\/wp-json\/wp\/v2\/types\/post"}],"author":[{"embeddable":true,"href":"https:\/\/www.emag.com\/blog\/wp-json\/wp\/v2\/users\/13"}],"replies":[{"embeddable":true,"href":"https:\/\/www.emag.com\/blog\/wp-json\/wp\/v2\/comments?post=2135"}],"version-history":[{"count":2,"href":"https:\/\/www.emag.com\/blog\/wp-json\/wp\/v2\/posts\/2135\/revisions"}],"predecessor-version":[{"id":2171,"href":"https:\/\/www.emag.com\/blog\/wp-json\/wp\/v2\/posts\/2135\/revisions\/2171"}],"wp:featuredmedia":[{"embeddable":true,"href":"https:\/\/www.emag.com\/blog\/wp-json\/wp\/v2\/media\/2170"}],"wp:attachment":[{"href":"https:\/\/www.emag.com\/blog\/wp-json\/wp\/v2\/media?parent=2135"}],"wp:term":[{"taxonomy":"category","embeddable":true,"href":"https:\/\/www.emag.com\/blog\/wp-json\/wp\/v2\/categories?post=2135"},{"taxonomy":"post_tag","embeddable":true,"href":"https:\/\/www.emag.com\/blog\/wp-json\/wp\/v2\/tags?post=2135"}],"curies":[{"name":"wp","href":"https:\/\/api.w.org\/{rel}","templated":true}]}}