{"id":2118,"date":"2019-07-25T09:47:31","date_gmt":"2019-07-25T07:47:31","guid":{"rendered":"https:\/\/www.emag.com\/blog\/?p=2118"},"modified":"2025-02-25T09:28:13","modified_gmt":"2025-02-25T08:28:13","slug":"interview-bjoern-svatek","status":"publish","type":"post","link":"https:\/\/www.emag.com\/blog\/interview-bjoern-svatek\/","title":{"rendered":"Networking @ EMO 2019: Interview mit Bj\u00f6rn Svatek"},"content":{"rendered":"<h2>Networking @ EMO 2019: Interviewreihe mit den Experten der EMAG Gruppe, mit denen Sie sich auf der EMO austauschen k\u00f6nnen<\/h2>\n<p>Smarte Technologien treiben die Produktion von morgen!\u201c Das ist das Motto der EMO 2019 in Hannover. Doch wir sind der Meinung, nicht nur Smarte Technologien sind wichtig, sondern vor allem smarte Menschen \u2013 und die gilt es miteinander ins Gespr\u00e4ch zu bringen. Daher setzen wir auf dem Messestand der EMAG Gruppe nicht nur auf vernetzte Technologien, sondern vor allem auf das Networking mit unseren Besuchern. Damit Sie schon im Voraus schauen k\u00f6nnen, mit wem Sie unbedingt auf der EMO ins Gespr\u00e4ch kommen sollten, wird es in den n\u00e4chsten Wochen regelm\u00e4\u00dfige Interviews mit unseren Experten geben, die auch auf der EMO in Hannover vor Ort sein werden.<\/p>\n<p><!--more--><\/p>\n<h4>Herr Svatek, k\u00f6nnten Sie sich und Ihre Aufgaben bei EMAG kurz vorstellen?<\/h4>\n<p>Ich bin f\u00fcr den Vertrieb und das Marketing f\u00fcr den Gesch\u00e4ftsbereich der Modular Solutions weltweit verantwortlich. In diesem Zusammenhang steuere ich zentral s\u00e4mtliche Vertriebs- und Marketingaktivit\u00e4ten von Amerika bis Asien und fungiere mit meinem Team als Schnittstelle zwischen unserer Produktion und unseren Vertriebs- und Service-Standorten.<\/p>\n<h4>Modular Solutions, was kann man sich darunter konkret vorstellen?<\/h4>\n<p>Die Modular Solutions umfasst insgesamt 7 Maschinenbaureihen, angefangen von unserer Kernkompetenz dem \u201eDrehen\u201c bis zu unseren vertikalen W\u00e4lzfr\u00e4smaschinen. Mit diesem vor etwa 8 Jahren aufgebauten Produktportfolio m\u00f6chten wir unseren Kunden bew\u00e4hrte EMAG Technologie aus einem modularen Baukasten liefern. Neben den Maschinen umfasst das Produktspektrum der Modular Solutions ebenfalls unser eigenes Automationssystem, den sog. TrackMotion. Modulare Peripherie bspw. zum Messen oder Reinigen runden das Spektrum ab. Somit k\u00f6nnen wir komplexe Linienkonzepte bspw. f\u00fcr Differentiale, Planetenr\u00e4der oder Kegelr\u00e4der aus unserem modularen Baukasten, bestehend aus Maschine, Automation und Peripherie, liefern.Mittlerweile hat sich dieser Bereich sowohl bez\u00fcglich des Umsatzes als auch bez\u00fcglich des Auftragseingangs als gr\u00f6\u00dftes Gesch\u00e4ftsfeld der EMAG Gruppe entwickelt.<\/p>\n<h4>Gibt es aus diesem Bereich Neuheiten, die Sie auf der EMO vorstellen werden?<\/h4>\n<p>Ja, mit der VL 5 DUO feiern wir die Weltpremiere unserer neuesten doppelspindligen Pick-up-Drehmaschine, die die Erfolgsgeschichte der kleineren VL 3 DUO mit einem maximalen Werkst\u00fcckdurchmesser bis 250 mm fortf\u00fchren soll. Die VL 3 DUO haben wir auf der AMB 2016 vorgestellt und konnten im Anschluss daran die erfolgreichste Markteinf\u00fchrung in der Geschichte der EMAG realisieren.<\/p>\n<h4>Wen m\u00f6chten Sie konkret mit Ihrer neuen L\u00f6sung ansprechen?<\/h4>\n<p>Grunds\u00e4tzlich m\u00f6chten wir unsere Bestandskunden ansprechen, die vorwiegend aus der Automobilindustrie stammen. Aber mit dem Produktportfolio der Modular Solutions k\u00f6nnen wir dar\u00fcber hinaus auch noch interessante L\u00f6sungen f\u00fcr neue Firmen bieten \u2013 au\u00dferhalb der Automotive-Industrie, wie bspw. aus dem allgemeinen Maschinenbau, der Landwirtschaft oder der Aerospace-Industrie. Mit unserem modularen Baukasten k\u00f6nnen wir sehr individuell auf verschiedenste Kundenw\u00fcnsche eingehen und haben nun auch wirtschaftliche L\u00f6sungen f\u00fcr kleine bis mittlere Losgr\u00f6\u00dfen.<\/p>\n<h4>Ganz kurz, warum sollte man den Stand der EMAG Gruppe auf der EMO unbedingt besuchen?<\/h4>\n<p>Ich m\u00f6chte Sie gerne von der Innovationskraft der EMAG Gruppe \u00fcberzeugen. Mit der Premiere der Pick-up-Maschine im Jahre 1992 haben wir das Drehen einfach mal auf den Kopf gestellt. Dieses Konzept hat sich am Markt durchgesetzt. Heute k\u00f6nnen wir Ihnen Maschine, Automation, Peripherie, aber auch unsere Expertise bei \u201eTurn-Key\u201c-Projekten anbieten und unseren Kunden bei der Realisierung der komplexesten Aufgabenstellungen als zuverl\u00e4ssiger Partner zur Seite stehen. Insbesondere bei aktuellen Themen wie Industrie 4.0 oder auch der E-Mobilit\u00e4t haben sich unsere Ingenieure interessante L\u00f6sungen ausgedacht und zur Marktreife gebracht. Davon kann man sich am besten auf \u201eLeitmessen\u201c wie der EMO in Hannover selbst \u00fcberzeugen.<\/p>\n","protected":false},"excerpt":{"rendered":"<p>Networking @ EMO 2019: Interviewreihe mit den Experten der EMAG Gruppe, mit denen Sie sich auf der EMO austauschen k\u00f6nnen Smarte Technologien treiben die&hellip;<\/p>\n","protected":false},"author":2,"featured_media":2236,"comment_status":"open","ping_status":"open","sticky":false,"template":"","format":"standard","meta":{"_lmt_disableupdate":"","_lmt_disable":"","editor_notices":[],"footnotes":""},"categories":[2021,40],"tags":[819,1393,1099],"class_list":["post-2118","post","type-post","status-publish","format-standard","has-post-thumbnail","hentry","category-success-story","category-technologien","tag-emo-2019","tag-interview","tag-networkingemo"],"yoast_head":"<!-- This site is optimized with the Yoast SEO plugin v27.0 - https:\/\/yoast.com\/product\/yoast-seo-wordpress\/ -->\n<title>Networking @ EMO 2019: Interview mit Bj\u00f6rn Svatek - EMAG \u2013 Unser Unternehmensblog %<\/title>\n<meta name=\"description\" content=\"Experteninterview mit dem Verantwortlichen f\u00fcr die Modular Solution bei EMAG, Bj\u00f6rn Svatek.\" \/>\n<meta name=\"robots\" content=\"index, follow, max-snippet:-1, max-image-preview:large, max-video-preview:-1\" \/>\n<link rel=\"canonical\" href=\"https:\/\/www.emag.com\/blog\/interview-bjoern-svatek\/\" \/>\n<meta property=\"og:locale\" content=\"de_DE\" \/>\n<meta property=\"og:type\" content=\"article\" \/>\n<meta property=\"og:title\" content=\"Networking @ EMO 2019: Interview mit Bj\u00f6rn Svatek - EMAG \u2013 Unser Unternehmensblog %\" \/>\n<meta property=\"og:description\" content=\"Experteninterview mit dem Verantwortlichen f\u00fcr die Modular Solution bei EMAG, Bj\u00f6rn Svatek.\" \/>\n<meta property=\"og:url\" content=\"https:\/\/www.emag.com\/blog\/interview-bjoern-svatek\/\" \/>\n<meta property=\"og:site_name\" content=\"EMAG \u2013 Unser Unternehmensblog\" \/>\n<meta property=\"article:publisher\" content=\"https:\/\/www.facebook.com\/EMAGGroup\" \/>\n<meta property=\"article:published_time\" content=\"2019-07-25T07:47:31+00:00\" \/>\n<meta property=\"article:modified_time\" content=\"2025-02-25T08:28:13+00:00\" \/>\n<meta property=\"og:image\" content=\"https:\/\/www.emag.com\/blog\/wp-content\/uploads\/2019\/09\/B.Svatek-2.jpg\" \/>\n\t<meta property=\"og:image:width\" content=\"1024\" \/>\n\t<meta property=\"og:image:height\" content=\"683\" \/>\n\t<meta property=\"og:image:type\" content=\"image\/jpeg\" \/>\n<meta name=\"author\" content=\"Markus Isgro\" \/>\n<meta name=\"twitter:card\" content=\"summary_large_image\" \/>\n<meta name=\"twitter:creator\" content=\"@EMAGGroup\" \/>\n<meta name=\"twitter:site\" content=\"@EMAGGroup\" \/>\n<meta name=\"twitter:label1\" content=\"Verfasst von\" \/>\n\t<meta name=\"twitter:data1\" content=\"Markus Isgro\" \/>\n\t<meta name=\"twitter:label2\" content=\"Gesch\u00e4tzte Lesezeit\" \/>\n\t<meta name=\"twitter:data2\" content=\"3\u00a0Minuten\" \/>\n<script type=\"application\/ld+json\" class=\"yoast-schema-graph\">{\"@context\":\"https:\/\/schema.org\",\"@graph\":[{\"@type\":\"Article\",\"@id\":\"https:\/\/www.emag.com\/blog\/interview-bjoern-svatek\/#article\",\"isPartOf\":{\"@id\":\"https:\/\/www.emag.com\/blog\/interview-bjoern-svatek\/\"},\"author\":{\"name\":\"Markus Isgro\",\"@id\":\"https:\/\/www.emag.com\/blog\/#\/schema\/person\/b576ad5cbef0d4965bcaaea80d90f3a1\"},\"headline\":\"Networking @ EMO 2019: Interview mit Bj\u00f6rn Svatek\",\"datePublished\":\"2019-07-25T07:47:31+00:00\",\"dateModified\":\"2025-02-25T08:28:13+00:00\",\"mainEntityOfPage\":{\"@id\":\"https:\/\/www.emag.com\/blog\/interview-bjoern-svatek\/\"},\"wordCount\":604,\"commentCount\":0,\"publisher\":{\"@id\":\"https:\/\/www.emag.com\/blog\/#organization\"},\"image\":{\"@id\":\"https:\/\/www.emag.com\/blog\/interview-bjoern-svatek\/#primaryimage\"},\"thumbnailUrl\":\"https:\/\/www.emag.com\/blog\/wp-content\/uploads\/2019\/09\/B.Svatek-2.jpg\",\"keywords\":[\"EMO 2019\",\"Interview\",\"Networking@EMO\"],\"articleSection\":[\"Success Story\",\"Technologien\"],\"inLanguage\":\"de\",\"potentialAction\":[{\"@type\":\"CommentAction\",\"name\":\"Comment\",\"target\":[\"https:\/\/www.emag.com\/blog\/interview-bjoern-svatek\/#respond\"]}]},{\"@type\":\"WebPage\",\"@id\":\"https:\/\/www.emag.com\/blog\/interview-bjoern-svatek\/\",\"url\":\"https:\/\/www.emag.com\/blog\/interview-bjoern-svatek\/\",\"name\":\"Networking @ EMO 2019: Interview mit Bj\u00f6rn Svatek - EMAG \u2013 Unser Unternehmensblog %\",\"isPartOf\":{\"@id\":\"https:\/\/www.emag.com\/blog\/#website\"},\"primaryImageOfPage\":{\"@id\":\"https:\/\/www.emag.com\/blog\/interview-bjoern-svatek\/#primaryimage\"},\"image\":{\"@id\":\"https:\/\/www.emag.com\/blog\/interview-bjoern-svatek\/#primaryimage\"},\"thumbnailUrl\":\"https:\/\/www.emag.com\/blog\/wp-content\/uploads\/2019\/09\/B.Svatek-2.jpg\",\"datePublished\":\"2019-07-25T07:47:31+00:00\",\"dateModified\":\"2025-02-25T08:28:13+00:00\",\"description\":\"Experteninterview mit dem Verantwortlichen f\u00fcr die Modular Solution bei EMAG, Bj\u00f6rn Svatek.\",\"breadcrumb\":{\"@id\":\"https:\/\/www.emag.com\/blog\/interview-bjoern-svatek\/#breadcrumb\"},\"inLanguage\":\"de\",\"potentialAction\":[{\"@type\":\"ReadAction\",\"target\":[\"https:\/\/www.emag.com\/blog\/interview-bjoern-svatek\/\"]}]},{\"@type\":\"ImageObject\",\"inLanguage\":\"de\",\"@id\":\"https:\/\/www.emag.com\/blog\/interview-bjoern-svatek\/#primaryimage\",\"url\":\"https:\/\/www.emag.com\/blog\/wp-content\/uploads\/2019\/09\/B.Svatek-2.jpg\",\"contentUrl\":\"https:\/\/www.emag.com\/blog\/wp-content\/uploads\/2019\/09\/B.Svatek-2.jpg\",\"width\":1024,\"height\":683,\"caption\":\"Herr Svatek stellt auf der EMO die neue VL 5 DUO vor.\"},{\"@type\":\"BreadcrumbList\",\"@id\":\"https:\/\/www.emag.com\/blog\/interview-bjoern-svatek\/#breadcrumb\",\"itemListElement\":[{\"@type\":\"ListItem\",\"position\":1,\"name\":\"Startseite\",\"item\":\"https:\/\/www.emag.com\/blog\/\"},{\"@type\":\"ListItem\",\"position\":2,\"name\":\"Networking @ EMO 2019: Interview mit Bj\u00f6rn Svatek\"}]},{\"@type\":\"WebSite\",\"@id\":\"https:\/\/www.emag.com\/blog\/#website\",\"url\":\"https:\/\/www.emag.com\/blog\/\",\"name\":\"EMAG \u2013 Unser Unternehmensblog\",\"description\":\"Erfahre alles rund um die EMAG Gruppe\",\"publisher\":{\"@id\":\"https:\/\/www.emag.com\/blog\/#organization\"},\"potentialAction\":[{\"@type\":\"SearchAction\",\"target\":{\"@type\":\"EntryPoint\",\"urlTemplate\":\"https:\/\/www.emag.com\/blog\/?s={search_term_string}\"},\"query-input\":{\"@type\":\"PropertyValueSpecification\",\"valueRequired\":true,\"valueName\":\"search_term_string\"}}],\"inLanguage\":\"de\"},{\"@type\":\"Organization\",\"@id\":\"https:\/\/www.emag.com\/blog\/#organization\",\"name\":\"EMAG GmbH & Co. KG\",\"url\":\"https:\/\/www.emag.com\/blog\/\",\"logo\":{\"@type\":\"ImageObject\",\"inLanguage\":\"de\",\"@id\":\"https:\/\/www.emag.com\/blog\/#\/schema\/logo\/image\/\",\"url\":\"https:\/\/www.emag.com\/blog\/wp-content\/uploads\/2016\/12\/emag-logo-header2.png\",\"contentUrl\":\"https:\/\/www.emag.com\/blog\/wp-content\/uploads\/2016\/12\/emag-logo-header2.png\",\"width\":248,\"height\":72,\"caption\":\"EMAG GmbH & Co. KG\"},\"image\":{\"@id\":\"https:\/\/www.emag.com\/blog\/#\/schema\/logo\/image\/\"},\"sameAs\":[\"https:\/\/www.facebook.com\/EMAGGroup\",\"https:\/\/x.com\/EMAGGroup\"]},{\"@type\":\"Person\",\"@id\":\"https:\/\/www.emag.com\/blog\/#\/schema\/person\/b576ad5cbef0d4965bcaaea80d90f3a1\",\"name\":\"Markus Isgro\",\"image\":{\"@type\":\"ImageObject\",\"inLanguage\":\"de\",\"@id\":\"https:\/\/www.emag.com\/blog\/#\/schema\/person\/image\/\",\"url\":\"https:\/\/secure.gravatar.com\/avatar\/a314382243e9c1d63fe2d67811a959f78fc3e2e2e88a09ec96c60ffed008e10b?s=96&d=mm&r=g\",\"contentUrl\":\"https:\/\/secure.gravatar.com\/avatar\/a314382243e9c1d63fe2d67811a959f78fc3e2e2e88a09ec96c60ffed008e10b?s=96&d=mm&r=g\",\"caption\":\"Markus Isgro\"},\"sameAs\":[\"https:\/\/www.emag.com\"]}]}<\/script>\n<!-- \/ Yoast SEO plugin. -->","yoast_head_json":{"title":"Networking @ EMO 2019: Interview mit Bj\u00f6rn Svatek - EMAG \u2013 Unser Unternehmensblog %","description":"Experteninterview mit dem Verantwortlichen f\u00fcr die Modular Solution bei EMAG, Bj\u00f6rn Svatek.","robots":{"index":"index","follow":"follow","max-snippet":"max-snippet:-1","max-image-preview":"max-image-preview:large","max-video-preview":"max-video-preview:-1"},"canonical":"https:\/\/www.emag.com\/blog\/interview-bjoern-svatek\/","og_locale":"de_DE","og_type":"article","og_title":"Networking @ EMO 2019: Interview mit Bj\u00f6rn Svatek - EMAG \u2013 Unser Unternehmensblog %","og_description":"Experteninterview mit dem Verantwortlichen f\u00fcr die Modular Solution bei EMAG, Bj\u00f6rn Svatek.","og_url":"https:\/\/www.emag.com\/blog\/interview-bjoern-svatek\/","og_site_name":"EMAG \u2013 Unser Unternehmensblog","article_publisher":"https:\/\/www.facebook.com\/EMAGGroup","article_published_time":"2019-07-25T07:47:31+00:00","article_modified_time":"2025-02-25T08:28:13+00:00","og_image":[{"width":1024,"height":683,"url":"https:\/\/www.emag.com\/blog\/wp-content\/uploads\/2019\/09\/B.Svatek-2.jpg","type":"image\/jpeg"}],"author":"Markus Isgro","twitter_card":"summary_large_image","twitter_creator":"@EMAGGroup","twitter_site":"@EMAGGroup","twitter_misc":{"Verfasst von":"Markus Isgro","Gesch\u00e4tzte Lesezeit":"3\u00a0Minuten"},"schema":{"@context":"https:\/\/schema.org","@graph":[{"@type":"Article","@id":"https:\/\/www.emag.com\/blog\/interview-bjoern-svatek\/#article","isPartOf":{"@id":"https:\/\/www.emag.com\/blog\/interview-bjoern-svatek\/"},"author":{"name":"Markus Isgro","@id":"https:\/\/www.emag.com\/blog\/#\/schema\/person\/b576ad5cbef0d4965bcaaea80d90f3a1"},"headline":"Networking @ EMO 2019: Interview mit Bj\u00f6rn Svatek","datePublished":"2019-07-25T07:47:31+00:00","dateModified":"2025-02-25T08:28:13+00:00","mainEntityOfPage":{"@id":"https:\/\/www.emag.com\/blog\/interview-bjoern-svatek\/"},"wordCount":604,"commentCount":0,"publisher":{"@id":"https:\/\/www.emag.com\/blog\/#organization"},"image":{"@id":"https:\/\/www.emag.com\/blog\/interview-bjoern-svatek\/#primaryimage"},"thumbnailUrl":"https:\/\/www.emag.com\/blog\/wp-content\/uploads\/2019\/09\/B.Svatek-2.jpg","keywords":["EMO 2019","Interview","Networking@EMO"],"articleSection":["Success Story","Technologien"],"inLanguage":"de","potentialAction":[{"@type":"CommentAction","name":"Comment","target":["https:\/\/www.emag.com\/blog\/interview-bjoern-svatek\/#respond"]}]},{"@type":"WebPage","@id":"https:\/\/www.emag.com\/blog\/interview-bjoern-svatek\/","url":"https:\/\/www.emag.com\/blog\/interview-bjoern-svatek\/","name":"Networking @ EMO 2019: Interview mit Bj\u00f6rn Svatek - EMAG \u2013 Unser Unternehmensblog %","isPartOf":{"@id":"https:\/\/www.emag.com\/blog\/#website"},"primaryImageOfPage":{"@id":"https:\/\/www.emag.com\/blog\/interview-bjoern-svatek\/#primaryimage"},"image":{"@id":"https:\/\/www.emag.com\/blog\/interview-bjoern-svatek\/#primaryimage"},"thumbnailUrl":"https:\/\/www.emag.com\/blog\/wp-content\/uploads\/2019\/09\/B.Svatek-2.jpg","datePublished":"2019-07-25T07:47:31+00:00","dateModified":"2025-02-25T08:28:13+00:00","description":"Experteninterview mit dem Verantwortlichen f\u00fcr die Modular Solution bei EMAG, Bj\u00f6rn Svatek.","breadcrumb":{"@id":"https:\/\/www.emag.com\/blog\/interview-bjoern-svatek\/#breadcrumb"},"inLanguage":"de","potentialAction":[{"@type":"ReadAction","target":["https:\/\/www.emag.com\/blog\/interview-bjoern-svatek\/"]}]},{"@type":"ImageObject","inLanguage":"de","@id":"https:\/\/www.emag.com\/blog\/interview-bjoern-svatek\/#primaryimage","url":"https:\/\/www.emag.com\/blog\/wp-content\/uploads\/2019\/09\/B.Svatek-2.jpg","contentUrl":"https:\/\/www.emag.com\/blog\/wp-content\/uploads\/2019\/09\/B.Svatek-2.jpg","width":1024,"height":683,"caption":"Herr Svatek stellt auf der EMO die neue VL 5 DUO vor."},{"@type":"BreadcrumbList","@id":"https:\/\/www.emag.com\/blog\/interview-bjoern-svatek\/#breadcrumb","itemListElement":[{"@type":"ListItem","position":1,"name":"Startseite","item":"https:\/\/www.emag.com\/blog\/"},{"@type":"ListItem","position":2,"name":"Networking @ EMO 2019: Interview mit Bj\u00f6rn Svatek"}]},{"@type":"WebSite","@id":"https:\/\/www.emag.com\/blog\/#website","url":"https:\/\/www.emag.com\/blog\/","name":"EMAG \u2013 Unser Unternehmensblog","description":"Erfahre alles rund um die EMAG Gruppe","publisher":{"@id":"https:\/\/www.emag.com\/blog\/#organization"},"potentialAction":[{"@type":"SearchAction","target":{"@type":"EntryPoint","urlTemplate":"https:\/\/www.emag.com\/blog\/?s={search_term_string}"},"query-input":{"@type":"PropertyValueSpecification","valueRequired":true,"valueName":"search_term_string"}}],"inLanguage":"de"},{"@type":"Organization","@id":"https:\/\/www.emag.com\/blog\/#organization","name":"EMAG GmbH & Co. KG","url":"https:\/\/www.emag.com\/blog\/","logo":{"@type":"ImageObject","inLanguage":"de","@id":"https:\/\/www.emag.com\/blog\/#\/schema\/logo\/image\/","url":"https:\/\/www.emag.com\/blog\/wp-content\/uploads\/2016\/12\/emag-logo-header2.png","contentUrl":"https:\/\/www.emag.com\/blog\/wp-content\/uploads\/2016\/12\/emag-logo-header2.png","width":248,"height":72,"caption":"EMAG GmbH & Co. KG"},"image":{"@id":"https:\/\/www.emag.com\/blog\/#\/schema\/logo\/image\/"},"sameAs":["https:\/\/www.facebook.com\/EMAGGroup","https:\/\/x.com\/EMAGGroup"]},{"@type":"Person","@id":"https:\/\/www.emag.com\/blog\/#\/schema\/person\/b576ad5cbef0d4965bcaaea80d90f3a1","name":"Markus Isgro","image":{"@type":"ImageObject","inLanguage":"de","@id":"https:\/\/www.emag.com\/blog\/#\/schema\/person\/image\/","url":"https:\/\/secure.gravatar.com\/avatar\/a314382243e9c1d63fe2d67811a959f78fc3e2e2e88a09ec96c60ffed008e10b?s=96&d=mm&r=g","contentUrl":"https:\/\/secure.gravatar.com\/avatar\/a314382243e9c1d63fe2d67811a959f78fc3e2e2e88a09ec96c60ffed008e10b?s=96&d=mm&r=g","caption":"Markus Isgro"},"sameAs":["https:\/\/www.emag.com"]}]}},"_links":{"self":[{"href":"https:\/\/www.emag.com\/blog\/wp-json\/wp\/v2\/posts\/2118","targetHints":{"allow":["GET"]}}],"collection":[{"href":"https:\/\/www.emag.com\/blog\/wp-json\/wp\/v2\/posts"}],"about":[{"href":"https:\/\/www.emag.com\/blog\/wp-json\/wp\/v2\/types\/post"}],"author":[{"embeddable":true,"href":"https:\/\/www.emag.com\/blog\/wp-json\/wp\/v2\/users\/2"}],"replies":[{"embeddable":true,"href":"https:\/\/www.emag.com\/blog\/wp-json\/wp\/v2\/comments?post=2118"}],"version-history":[{"count":8,"href":"https:\/\/www.emag.com\/blog\/wp-json\/wp\/v2\/posts\/2118\/revisions"}],"predecessor-version":[{"id":2237,"href":"https:\/\/www.emag.com\/blog\/wp-json\/wp\/v2\/posts\/2118\/revisions\/2237"}],"wp:featuredmedia":[{"embeddable":true,"href":"https:\/\/www.emag.com\/blog\/wp-json\/wp\/v2\/media\/2236"}],"wp:attachment":[{"href":"https:\/\/www.emag.com\/blog\/wp-json\/wp\/v2\/media?parent=2118"}],"wp:term":[{"taxonomy":"category","embeddable":true,"href":"https:\/\/www.emag.com\/blog\/wp-json\/wp\/v2\/categories?post=2118"},{"taxonomy":"post_tag","embeddable":true,"href":"https:\/\/www.emag.com\/blog\/wp-json\/wp\/v2\/tags?post=2118"}],"curies":[{"name":"wp","href":"https:\/\/api.w.org\/{rel}","templated":true}]}}