{"id":1997,"date":"2019-05-03T13:00:13","date_gmt":"2019-05-03T11:00:13","guid":{"rendered":"https:\/\/www.emag.com\/blog\/?p=1997"},"modified":"2025-02-25T09:26:57","modified_gmt":"2025-02-25T08:26:57","slug":"interview-mit-jugend-forscht-gewinnerin","status":"publish","type":"post","link":"https:\/\/www.emag.com\/blog\/interview-mit-jugend-forscht-gewinnerin\/","title":{"rendered":"Interview mit &#8222;Jugend forscht&#8220; Gewinnerin Joy Anders"},"content":{"rendered":"<p>Gemeinsam mit der Stadt Donzdorf hat die EMAG Gruppe Mitte 2018 die Patenschaft f\u00fcr den &#8222;Jugend forscht&#8220; Regionalwettbewerb Staufen \/ Alb \u00fcbernommen. EMAG unterst\u00fctzt den Wettbewerb, um jungen Forschern aus der Region eine Plattform f\u00fcr Ideenreichtum und Kreativit\u00e4t zu bieten. Sch\u00fcler, Studenten und Auszubildende aus der Umgebung haben somit im Februar jeden Jahres die M\u00f6glichkeit, ihr Talent unter Beweis zu stellen. Die Sieger des Regionalwettbewerbs qualifizieren sich jeweils f\u00fcr den Landeswettbewerb.<\/p>\n<p>Beim diesj\u00e4hrigen regionalen Vorentscheid des Wettbewerbs &#8222;Jugend forscht&#8220; bzw. &#8222;Sch\u00fcler experimentieren&#8220; belegte die 13-j\u00e4hrige Joy Anders aus S\u00fc\u00dfen den ersten Platz mit ihrem Thema: Nachweis von Mikroplastik in Kosmetika in der Kategorie Chemie. Wir sprachen mit der Sch\u00fclerin \u00fcber ihre Teilnahme.<\/p>\n<p><!--more--><\/p>\n<p><span style=\"color: #808080\"><em>Hallo Joy, herzlichen Gl\u00fcckwunsch zum Gewinn des ersten Preises. Erz\u00e4hl doch mal, wie bist du denn zu \u201eJugend forscht\u201c bzw. \u201eSch\u00fcler experimentieren\u201c gekommen?<\/em><\/span><\/p>\n<p>Ich gehe ins Rechberg-Gymnasium in Donzdorf. Einer unserer Lehrer, Herr Drescher, macht dort viele wissenschaftliche Projekte mit uns. Er hatte dann auch die Idee, an dem Wettbewerb teilzunehmen. Wir haben \u00fcber verschiedene Forschungsprojekte nachgedacht, aber am Ende fand ich dann das Thema \u201eMikroplastik in Kosmetika\u201c am interessantesten.<\/p>\n<p><span style=\"color: #808080\"><em>Warum fandest du ausgerechnet dieses Thema so spannend?<\/em><\/span><\/p>\n<p>Ich interessiere mich sehr f\u00fcr das Thema Umweltschutz und als ich dann erfahren habe, dass man dieses Mikroplastik absichtlich in die Kosmetik hineintut, wollte ich mehr wissen. Nat\u00fcrlich wusste ich damals noch nicht, dass man das Mikroplastik nennt, das war eines der vielen Dinge, die ich w\u00e4hrend meiner Forschung gelernt habe.<\/p>\n<p><span style=\"color: #808080\"><em>Haben dich die Ergebnisse \u00fcberrascht? Und hat sich dadurch etwas an deinem Kaufverhalten ge\u00e4ndert?<\/em><\/span><\/p>\n<p>Ja, ich h\u00e4tte nicht gedacht, dass es so viel ist und dass ich es in so vielen Produkten finden w\u00fcrde. Seit dem ich das wei\u00df, achten wir jetzt alle in der Familie darauf, nur noch Produkte ohne Plastik zu kaufen.<\/p>\n<div id=\"attachment_1999\" style=\"width: 264px\" class=\"wp-caption aligncenter\"><img decoding=\"async\" aria-describedby=\"caption-attachment-1999\" class=\"size-medium wp-image-1999\" src=\"https:\/\/www.emag.com\/blog\/wp-content\/uploads\/2019\/05\/Joy_Anders_Blog_Bild_1-254x300.jpg\" alt=\"Jugend forscht \/ Sch\u00fcler experimentieren Gewinnerin bei EMAG\" width=\"254\" height=\"300\" srcset=\"https:\/\/www.emag.com\/blog\/wp-content\/uploads\/2019\/05\/Joy_Anders_Blog_Bild_1-254x300.jpg 254w, https:\/\/www.emag.com\/blog\/wp-content\/uploads\/2019\/05\/Joy_Anders_Blog_Bild_1-768x906.jpg 768w, https:\/\/www.emag.com\/blog\/wp-content\/uploads\/2019\/05\/Joy_Anders_Blog_Bild_1-868x1024.jpg 868w, https:\/\/www.emag.com\/blog\/wp-content\/uploads\/2019\/05\/Joy_Anders_Blog_Bild_1-585x690.jpg 585w, https:\/\/www.emag.com\/blog\/wp-content\/uploads\/2019\/05\/Joy_Anders_Blog_Bild_1.jpg 1001w\" sizes=\"(max-width: 254px) 100vw, 254px\" \/><p id=\"caption-attachment-1999\" class=\"wp-caption-text\">Die Gewinnerin von Sch\u00fcler experimentieren Joy Anders bei EMAG<\/p><\/div>\n<p><em><span style=\"color: #808080\">Gab es sonst Auswirkungen deiner Forschung?<\/span><\/em><\/p>\n<p>Ich habe nach Alternativen im Internet gesucht und einige Rezepte gefunden, wie man selbst Seifen und Shampoos herstellen kann. Das hab ich teilweise ausprobiert und ich muss sagen, dass es ganz gut geklappt hat. Unser Rektor an der Schule war auch \u00fcberrascht von den Ergebnissen. Er ist dann selbst einkaufen gegangen und hat sich gewundert, dass er nur eine Seife ohne Plastik gefunden hat. Daraufhin hat er mir dann den Auftrag gegeben, die Seife an unserer Schule zu untersuchen, um zu schauen, ob da auch Mikroplastik drin ist. Vielleicht machen wir dann ein Projekt, in dem wir unsere eigene Seife f\u00fcr die Schule herstellen, aber so weit sind wir noch nicht.<\/p>\n<p><span style=\"color: #808080\"><em>Was f\u00fcr einen Tipp hast du denn f\u00fcr alle, die jetzt selbst schauen wollen, ob Plastik in ihrer Seife ist? Wie kann man das selbst herausfinden, ohne die Seife zu filtern?<\/em><\/span><\/p>\n<p>Man kann einfach auf die Inhaltsangabe schauen, da muss aufgelistet sein, was in der Kosmetik ist. Allerdings ist das nicht immer leicht zu erkennen, da h\u00e4ufig Abk\u00fcrzungen verwendet werden, z.B. PE f\u00fcr Polyethylen, oder AC f\u00fcr Acrylates Copolymer, das sind Kunststoffe, die in Zahnpasta oder in Peelings verwendet werden. Wenn man mehr wissen will, kann man sich im Internet auf der Seite des BUND den \u201eEinkaufsratgeber\u201c anschauen und sich dort informieren.<\/p>\n<p><span style=\"color: #808080\"><em>Gef\u00e4llt dir das Forschen? Kannst du dir das auch als Beruf vorstellen?<\/em><\/span><\/p>\n<p>Forschen hat schon Spa\u00df gemacht, aber eigentlich will ich lieber Lehrerin werden. Dann kann ich so ein Projekt auch mal mit meinen Sch\u00fclern machen.<\/p>\n<p><em><span style=\"color: #808080\">Was machst du denn, wenn du mal gerade nicht forschst?<\/span><\/em><\/p>\n<p>Ich mach gerne und viel Musik, also ich singe gerne und spiele Klavier, das macht mir viel Spa\u00df. Und ich spiele gerne mit unserem Hund und geh mit ihm spazieren.<\/p>\n<p><em><span style=\"color: #808080\">Also Joy, vielen Dank f\u00fcr deine Zeit und das interessante Interview. Wir dr\u00fccken dir die Daumen f\u00fcr den Landeswettbewerb im Mai. Gibt es noch etwas, was du unseren Lesern mit auf den Weg geben m\u00f6chtest?<\/span><\/em><\/p>\n<p>Ich wollte nochmal Danke sagen, dass EMAG den Vorentscheid unterst\u00fctzt hat, das fand ich wirklich gut. Ansonsten hoffe ich, dass ich mit meinen Ergebnissen den einen oder anderen dazu bringen kann, beim Einkaufen mehr auf die Inhalte zu achten.<\/p>\n<p><span style=\"color: #0000ff\"><strong><a style=\"color: #0000ff\" href=\"https:\/\/www.emag.com\/de\/unternehmen\/jugend-forscht.html\" target=\"_blank\" rel=\"noopener\">Hier<\/a><\/strong><\/span> gibt es weitere Informationen zu dem Wettbewerb.<\/p>\n","protected":false},"excerpt":{"rendered":"<p>Gemeinsam mit der Stadt Donzdorf hat die EMAG Gruppe Mitte 2018 die Patenschaft f\u00fcr den &#8222;Jugend forscht&#8220; Regionalwettbewerb Staufen \/ Alb \u00fcbernommen. EMAG unterst\u00fctzt&hellip;<\/p>\n","protected":false},"author":2,"featured_media":2000,"comment_status":"open","ping_status":"open","sticky":false,"template":"","format":"standard","meta":{"_lmt_disableupdate":"","_lmt_disable":"","editor_notices":[],"footnotes":""},"categories":[2021],"tags":[],"class_list":["post-1997","post","type-post","status-publish","format-standard","has-post-thumbnail","hentry","category-success-story"],"yoast_head":"<!-- This site is optimized with the Yoast SEO plugin v27.0 - https:\/\/yoast.com\/product\/yoast-seo-wordpress\/ -->\n<title>Interview mit &quot;Jugend forscht&quot; Gewinnerin Joy Anders<\/title>\n<meta name=\"description\" content=\"Interview mit der Jugend forscht bzw. Sch\u00fcler experimentieren Gewinnerin der Kategorie Chemie \u00fcber ihre Teilnahme und ihr Forschungsthema Mikropplastik.\" \/>\n<meta name=\"robots\" content=\"index, follow, max-snippet:-1, max-image-preview:large, max-video-preview:-1\" \/>\n<link rel=\"canonical\" href=\"https:\/\/www.emag.com\/blog\/interview-mit-jugend-forscht-gewinnerin\/\" \/>\n<meta property=\"og:locale\" content=\"de_DE\" \/>\n<meta property=\"og:type\" content=\"article\" \/>\n<meta property=\"og:title\" content=\"Interview mit &quot;Jugend forscht&quot; Gewinnerin Joy Anders\" \/>\n<meta property=\"og:description\" content=\"Interview mit der Jugend forscht bzw. Sch\u00fcler experimentieren Gewinnerin der Kategorie Chemie \u00fcber ihre Teilnahme und ihr Forschungsthema Mikropplastik.\" \/>\n<meta property=\"og:url\" content=\"https:\/\/www.emag.com\/blog\/interview-mit-jugend-forscht-gewinnerin\/\" \/>\n<meta property=\"og:site_name\" content=\"EMAG \u2013 Unser Unternehmensblog\" \/>\n<meta property=\"article:publisher\" content=\"https:\/\/www.facebook.com\/EMAGGroup\" \/>\n<meta property=\"article:published_time\" content=\"2019-05-03T11:00:13+00:00\" \/>\n<meta property=\"article:modified_time\" content=\"2025-02-25T08:26:57+00:00\" \/>\n<meta property=\"og:image\" content=\"https:\/\/www.emag.com\/blog\/wp-content\/uploads\/2019\/05\/Joy_Anders_Blog_Bild_Header.jpg\" \/>\n\t<meta property=\"og:image:width\" content=\"1730\" \/>\n\t<meta property=\"og:image:height\" content=\"1155\" \/>\n\t<meta property=\"og:image:type\" content=\"image\/jpeg\" \/>\n<meta name=\"author\" content=\"Markus Isgro\" \/>\n<meta name=\"twitter:card\" content=\"summary_large_image\" \/>\n<meta name=\"twitter:creator\" content=\"@EMAGGroup\" \/>\n<meta name=\"twitter:site\" content=\"@EMAGGroup\" \/>\n<meta name=\"twitter:label1\" content=\"Verfasst von\" \/>\n\t<meta name=\"twitter:data1\" content=\"Markus Isgro\" \/>\n\t<meta name=\"twitter:label2\" content=\"Gesch\u00e4tzte Lesezeit\" \/>\n\t<meta name=\"twitter:data2\" content=\"4\u00a0Minuten\" \/>\n<script type=\"application\/ld+json\" class=\"yoast-schema-graph\">{\"@context\":\"https:\/\/schema.org\",\"@graph\":[{\"@type\":\"Article\",\"@id\":\"https:\/\/www.emag.com\/blog\/interview-mit-jugend-forscht-gewinnerin\/#article\",\"isPartOf\":{\"@id\":\"https:\/\/www.emag.com\/blog\/interview-mit-jugend-forscht-gewinnerin\/\"},\"author\":{\"name\":\"Markus Isgro\",\"@id\":\"https:\/\/www.emag.com\/blog\/#\/schema\/person\/b576ad5cbef0d4965bcaaea80d90f3a1\"},\"headline\":\"Interview mit &#8222;Jugend forscht&#8220; Gewinnerin Joy Anders\",\"datePublished\":\"2019-05-03T11:00:13+00:00\",\"dateModified\":\"2025-02-25T08:26:57+00:00\",\"mainEntityOfPage\":{\"@id\":\"https:\/\/www.emag.com\/blog\/interview-mit-jugend-forscht-gewinnerin\/\"},\"wordCount\":730,\"commentCount\":0,\"publisher\":{\"@id\":\"https:\/\/www.emag.com\/blog\/#organization\"},\"image\":{\"@id\":\"https:\/\/www.emag.com\/blog\/interview-mit-jugend-forscht-gewinnerin\/#primaryimage\"},\"thumbnailUrl\":\"https:\/\/www.emag.com\/blog\/wp-content\/uploads\/2019\/05\/Joy_Anders_Blog_Bild_Header.jpg\",\"articleSection\":[\"Success Story\"],\"inLanguage\":\"de\",\"potentialAction\":[{\"@type\":\"CommentAction\",\"name\":\"Comment\",\"target\":[\"https:\/\/www.emag.com\/blog\/interview-mit-jugend-forscht-gewinnerin\/#respond\"]}]},{\"@type\":\"WebPage\",\"@id\":\"https:\/\/www.emag.com\/blog\/interview-mit-jugend-forscht-gewinnerin\/\",\"url\":\"https:\/\/www.emag.com\/blog\/interview-mit-jugend-forscht-gewinnerin\/\",\"name\":\"Interview mit \\\"Jugend forscht\\\" Gewinnerin Joy Anders\",\"isPartOf\":{\"@id\":\"https:\/\/www.emag.com\/blog\/#website\"},\"primaryImageOfPage\":{\"@id\":\"https:\/\/www.emag.com\/blog\/interview-mit-jugend-forscht-gewinnerin\/#primaryimage\"},\"image\":{\"@id\":\"https:\/\/www.emag.com\/blog\/interview-mit-jugend-forscht-gewinnerin\/#primaryimage\"},\"thumbnailUrl\":\"https:\/\/www.emag.com\/blog\/wp-content\/uploads\/2019\/05\/Joy_Anders_Blog_Bild_Header.jpg\",\"datePublished\":\"2019-05-03T11:00:13+00:00\",\"dateModified\":\"2025-02-25T08:26:57+00:00\",\"description\":\"Interview mit der Jugend forscht bzw. Sch\u00fcler experimentieren Gewinnerin der Kategorie Chemie \u00fcber ihre Teilnahme und ihr Forschungsthema Mikropplastik.\",\"breadcrumb\":{\"@id\":\"https:\/\/www.emag.com\/blog\/interview-mit-jugend-forscht-gewinnerin\/#breadcrumb\"},\"inLanguage\":\"de\",\"potentialAction\":[{\"@type\":\"ReadAction\",\"target\":[\"https:\/\/www.emag.com\/blog\/interview-mit-jugend-forscht-gewinnerin\/\"]}]},{\"@type\":\"ImageObject\",\"inLanguage\":\"de\",\"@id\":\"https:\/\/www.emag.com\/blog\/interview-mit-jugend-forscht-gewinnerin\/#primaryimage\",\"url\":\"https:\/\/www.emag.com\/blog\/wp-content\/uploads\/2019\/05\/Joy_Anders_Blog_Bild_Header.jpg\",\"contentUrl\":\"https:\/\/www.emag.com\/blog\/wp-content\/uploads\/2019\/05\/Joy_Anders_Blog_Bild_Header.jpg\",\"width\":1730,\"height\":1155,\"caption\":\"Jugend forscht Gewinnerin 2019\"},{\"@type\":\"BreadcrumbList\",\"@id\":\"https:\/\/www.emag.com\/blog\/interview-mit-jugend-forscht-gewinnerin\/#breadcrumb\",\"itemListElement\":[{\"@type\":\"ListItem\",\"position\":1,\"name\":\"Startseite\",\"item\":\"https:\/\/www.emag.com\/blog\/\"},{\"@type\":\"ListItem\",\"position\":2,\"name\":\"Interview mit &#8222;Jugend forscht&#8220; Gewinnerin Joy Anders\"}]},{\"@type\":\"WebSite\",\"@id\":\"https:\/\/www.emag.com\/blog\/#website\",\"url\":\"https:\/\/www.emag.com\/blog\/\",\"name\":\"EMAG \u2013 Unser Unternehmensblog\",\"description\":\"Erfahre alles rund um die EMAG Gruppe\",\"publisher\":{\"@id\":\"https:\/\/www.emag.com\/blog\/#organization\"},\"potentialAction\":[{\"@type\":\"SearchAction\",\"target\":{\"@type\":\"EntryPoint\",\"urlTemplate\":\"https:\/\/www.emag.com\/blog\/?s={search_term_string}\"},\"query-input\":{\"@type\":\"PropertyValueSpecification\",\"valueRequired\":true,\"valueName\":\"search_term_string\"}}],\"inLanguage\":\"de\"},{\"@type\":\"Organization\",\"@id\":\"https:\/\/www.emag.com\/blog\/#organization\",\"name\":\"EMAG GmbH & Co. KG\",\"url\":\"https:\/\/www.emag.com\/blog\/\",\"logo\":{\"@type\":\"ImageObject\",\"inLanguage\":\"de\",\"@id\":\"https:\/\/www.emag.com\/blog\/#\/schema\/logo\/image\/\",\"url\":\"https:\/\/www.emag.com\/blog\/wp-content\/uploads\/2016\/12\/emag-logo-header2.png\",\"contentUrl\":\"https:\/\/www.emag.com\/blog\/wp-content\/uploads\/2016\/12\/emag-logo-header2.png\",\"width\":248,\"height\":72,\"caption\":\"EMAG GmbH & Co. KG\"},\"image\":{\"@id\":\"https:\/\/www.emag.com\/blog\/#\/schema\/logo\/image\/\"},\"sameAs\":[\"https:\/\/www.facebook.com\/EMAGGroup\",\"https:\/\/x.com\/EMAGGroup\"]},{\"@type\":\"Person\",\"@id\":\"https:\/\/www.emag.com\/blog\/#\/schema\/person\/b576ad5cbef0d4965bcaaea80d90f3a1\",\"name\":\"Markus Isgro\",\"image\":{\"@type\":\"ImageObject\",\"inLanguage\":\"de\",\"@id\":\"https:\/\/www.emag.com\/blog\/#\/schema\/person\/image\/\",\"url\":\"https:\/\/secure.gravatar.com\/avatar\/a314382243e9c1d63fe2d67811a959f78fc3e2e2e88a09ec96c60ffed008e10b?s=96&d=mm&r=g\",\"contentUrl\":\"https:\/\/secure.gravatar.com\/avatar\/a314382243e9c1d63fe2d67811a959f78fc3e2e2e88a09ec96c60ffed008e10b?s=96&d=mm&r=g\",\"caption\":\"Markus Isgro\"},\"sameAs\":[\"https:\/\/www.emag.com\"]}]}<\/script>\n<!-- \/ Yoast SEO plugin. -->","yoast_head_json":{"title":"Interview mit \"Jugend forscht\" Gewinnerin Joy Anders","description":"Interview mit der Jugend forscht bzw. Sch\u00fcler experimentieren Gewinnerin der Kategorie Chemie \u00fcber ihre Teilnahme und ihr Forschungsthema Mikropplastik.","robots":{"index":"index","follow":"follow","max-snippet":"max-snippet:-1","max-image-preview":"max-image-preview:large","max-video-preview":"max-video-preview:-1"},"canonical":"https:\/\/www.emag.com\/blog\/interview-mit-jugend-forscht-gewinnerin\/","og_locale":"de_DE","og_type":"article","og_title":"Interview mit \"Jugend forscht\" Gewinnerin Joy Anders","og_description":"Interview mit der Jugend forscht bzw. Sch\u00fcler experimentieren Gewinnerin der Kategorie Chemie \u00fcber ihre Teilnahme und ihr Forschungsthema Mikropplastik.","og_url":"https:\/\/www.emag.com\/blog\/interview-mit-jugend-forscht-gewinnerin\/","og_site_name":"EMAG \u2013 Unser Unternehmensblog","article_publisher":"https:\/\/www.facebook.com\/EMAGGroup","article_published_time":"2019-05-03T11:00:13+00:00","article_modified_time":"2025-02-25T08:26:57+00:00","og_image":[{"width":1730,"height":1155,"url":"https:\/\/www.emag.com\/blog\/wp-content\/uploads\/2019\/05\/Joy_Anders_Blog_Bild_Header.jpg","type":"image\/jpeg"}],"author":"Markus Isgro","twitter_card":"summary_large_image","twitter_creator":"@EMAGGroup","twitter_site":"@EMAGGroup","twitter_misc":{"Verfasst von":"Markus Isgro","Gesch\u00e4tzte Lesezeit":"4\u00a0Minuten"},"schema":{"@context":"https:\/\/schema.org","@graph":[{"@type":"Article","@id":"https:\/\/www.emag.com\/blog\/interview-mit-jugend-forscht-gewinnerin\/#article","isPartOf":{"@id":"https:\/\/www.emag.com\/blog\/interview-mit-jugend-forscht-gewinnerin\/"},"author":{"name":"Markus Isgro","@id":"https:\/\/www.emag.com\/blog\/#\/schema\/person\/b576ad5cbef0d4965bcaaea80d90f3a1"},"headline":"Interview mit &#8222;Jugend forscht&#8220; Gewinnerin Joy Anders","datePublished":"2019-05-03T11:00:13+00:00","dateModified":"2025-02-25T08:26:57+00:00","mainEntityOfPage":{"@id":"https:\/\/www.emag.com\/blog\/interview-mit-jugend-forscht-gewinnerin\/"},"wordCount":730,"commentCount":0,"publisher":{"@id":"https:\/\/www.emag.com\/blog\/#organization"},"image":{"@id":"https:\/\/www.emag.com\/blog\/interview-mit-jugend-forscht-gewinnerin\/#primaryimage"},"thumbnailUrl":"https:\/\/www.emag.com\/blog\/wp-content\/uploads\/2019\/05\/Joy_Anders_Blog_Bild_Header.jpg","articleSection":["Success Story"],"inLanguage":"de","potentialAction":[{"@type":"CommentAction","name":"Comment","target":["https:\/\/www.emag.com\/blog\/interview-mit-jugend-forscht-gewinnerin\/#respond"]}]},{"@type":"WebPage","@id":"https:\/\/www.emag.com\/blog\/interview-mit-jugend-forscht-gewinnerin\/","url":"https:\/\/www.emag.com\/blog\/interview-mit-jugend-forscht-gewinnerin\/","name":"Interview mit \"Jugend forscht\" Gewinnerin Joy Anders","isPartOf":{"@id":"https:\/\/www.emag.com\/blog\/#website"},"primaryImageOfPage":{"@id":"https:\/\/www.emag.com\/blog\/interview-mit-jugend-forscht-gewinnerin\/#primaryimage"},"image":{"@id":"https:\/\/www.emag.com\/blog\/interview-mit-jugend-forscht-gewinnerin\/#primaryimage"},"thumbnailUrl":"https:\/\/www.emag.com\/blog\/wp-content\/uploads\/2019\/05\/Joy_Anders_Blog_Bild_Header.jpg","datePublished":"2019-05-03T11:00:13+00:00","dateModified":"2025-02-25T08:26:57+00:00","description":"Interview mit der Jugend forscht bzw. Sch\u00fcler experimentieren Gewinnerin der Kategorie Chemie \u00fcber ihre Teilnahme und ihr Forschungsthema Mikropplastik.","breadcrumb":{"@id":"https:\/\/www.emag.com\/blog\/interview-mit-jugend-forscht-gewinnerin\/#breadcrumb"},"inLanguage":"de","potentialAction":[{"@type":"ReadAction","target":["https:\/\/www.emag.com\/blog\/interview-mit-jugend-forscht-gewinnerin\/"]}]},{"@type":"ImageObject","inLanguage":"de","@id":"https:\/\/www.emag.com\/blog\/interview-mit-jugend-forscht-gewinnerin\/#primaryimage","url":"https:\/\/www.emag.com\/blog\/wp-content\/uploads\/2019\/05\/Joy_Anders_Blog_Bild_Header.jpg","contentUrl":"https:\/\/www.emag.com\/blog\/wp-content\/uploads\/2019\/05\/Joy_Anders_Blog_Bild_Header.jpg","width":1730,"height":1155,"caption":"Jugend forscht Gewinnerin 2019"},{"@type":"BreadcrumbList","@id":"https:\/\/www.emag.com\/blog\/interview-mit-jugend-forscht-gewinnerin\/#breadcrumb","itemListElement":[{"@type":"ListItem","position":1,"name":"Startseite","item":"https:\/\/www.emag.com\/blog\/"},{"@type":"ListItem","position":2,"name":"Interview mit &#8222;Jugend forscht&#8220; Gewinnerin Joy Anders"}]},{"@type":"WebSite","@id":"https:\/\/www.emag.com\/blog\/#website","url":"https:\/\/www.emag.com\/blog\/","name":"EMAG \u2013 Unser Unternehmensblog","description":"Erfahre alles rund um die EMAG Gruppe","publisher":{"@id":"https:\/\/www.emag.com\/blog\/#organization"},"potentialAction":[{"@type":"SearchAction","target":{"@type":"EntryPoint","urlTemplate":"https:\/\/www.emag.com\/blog\/?s={search_term_string}"},"query-input":{"@type":"PropertyValueSpecification","valueRequired":true,"valueName":"search_term_string"}}],"inLanguage":"de"},{"@type":"Organization","@id":"https:\/\/www.emag.com\/blog\/#organization","name":"EMAG GmbH & Co. KG","url":"https:\/\/www.emag.com\/blog\/","logo":{"@type":"ImageObject","inLanguage":"de","@id":"https:\/\/www.emag.com\/blog\/#\/schema\/logo\/image\/","url":"https:\/\/www.emag.com\/blog\/wp-content\/uploads\/2016\/12\/emag-logo-header2.png","contentUrl":"https:\/\/www.emag.com\/blog\/wp-content\/uploads\/2016\/12\/emag-logo-header2.png","width":248,"height":72,"caption":"EMAG GmbH & Co. KG"},"image":{"@id":"https:\/\/www.emag.com\/blog\/#\/schema\/logo\/image\/"},"sameAs":["https:\/\/www.facebook.com\/EMAGGroup","https:\/\/x.com\/EMAGGroup"]},{"@type":"Person","@id":"https:\/\/www.emag.com\/blog\/#\/schema\/person\/b576ad5cbef0d4965bcaaea80d90f3a1","name":"Markus Isgro","image":{"@type":"ImageObject","inLanguage":"de","@id":"https:\/\/www.emag.com\/blog\/#\/schema\/person\/image\/","url":"https:\/\/secure.gravatar.com\/avatar\/a314382243e9c1d63fe2d67811a959f78fc3e2e2e88a09ec96c60ffed008e10b?s=96&d=mm&r=g","contentUrl":"https:\/\/secure.gravatar.com\/avatar\/a314382243e9c1d63fe2d67811a959f78fc3e2e2e88a09ec96c60ffed008e10b?s=96&d=mm&r=g","caption":"Markus Isgro"},"sameAs":["https:\/\/www.emag.com"]}]}},"_links":{"self":[{"href":"https:\/\/www.emag.com\/blog\/wp-json\/wp\/v2\/posts\/1997","targetHints":{"allow":["GET"]}}],"collection":[{"href":"https:\/\/www.emag.com\/blog\/wp-json\/wp\/v2\/posts"}],"about":[{"href":"https:\/\/www.emag.com\/blog\/wp-json\/wp\/v2\/types\/post"}],"author":[{"embeddable":true,"href":"https:\/\/www.emag.com\/blog\/wp-json\/wp\/v2\/users\/2"}],"replies":[{"embeddable":true,"href":"https:\/\/www.emag.com\/blog\/wp-json\/wp\/v2\/comments?post=1997"}],"version-history":[{"count":7,"href":"https:\/\/www.emag.com\/blog\/wp-json\/wp\/v2\/posts\/1997\/revisions"}],"predecessor-version":[{"id":3741,"href":"https:\/\/www.emag.com\/blog\/wp-json\/wp\/v2\/posts\/1997\/revisions\/3741"}],"wp:featuredmedia":[{"embeddable":true,"href":"https:\/\/www.emag.com\/blog\/wp-json\/wp\/v2\/media\/2000"}],"wp:attachment":[{"href":"https:\/\/www.emag.com\/blog\/wp-json\/wp\/v2\/media?parent=1997"}],"wp:term":[{"taxonomy":"category","embeddable":true,"href":"https:\/\/www.emag.com\/blog\/wp-json\/wp\/v2\/categories?post=1997"},{"taxonomy":"post_tag","embeddable":true,"href":"https:\/\/www.emag.com\/blog\/wp-json\/wp\/v2\/tags?post=1997"}],"curies":[{"name":"wp","href":"https:\/\/api.w.org\/{rel}","templated":true}]}}