{"id":1748,"date":"2018-09-28T09:28:18","date_gmt":"2018-09-28T07:28:18","guid":{"rendered":"https:\/\/www.emag.com\/blog\/?p=1748"},"modified":"2025-02-25T09:17:51","modified_gmt":"2025-02-25T08:17:51","slug":"video-amb-highlights-im-video","status":"publish","type":"post","link":"https:\/\/www.emag.com\/blog\/video-amb-highlights-im-video\/","title":{"rendered":"Video: Erfolgreiche AMB f\u00fcr EMAG \u2013 Unsere Highlights im Video"},"content":{"rendered":"<p>Eine erfolgreiche Messewoche auf der AMB liegt hinter uns. Laut<span style=\"color: #0000ff\"> <a style=\"color: #0000ff\" href=\"https:\/\/www.messe-stuttgart.de\/amb\/\" target=\"_blank\" rel=\"noopener\">Messe Stuttgart<\/a>\u00a0<\/span>war es die erfolgreichste AMB aller Zeiten. An f\u00fcnf Messetagen str\u00f6mten zahlreiche Besucher auf unseren Messestand und informierten sich \u00fcber unsere neuesten Entwicklungen. Themen wie E-Mobilit\u00e4t, moderne Getriebe und Digitalisierung der Fertigung standen dabei, wie auf der gesamten Messe, auch auf dem EMAG Stand im Fokus.<\/p>\n<p><!--more--><\/p>\n<p>Wir bedanken uns bei allen Besuchern sowie Mitarbeitern und freuen uns schon jetzt auf die n\u00e4chste AMB im Jahr 2020.<br \/>\nBis dahin gibt es hier noch das AMB Video mit allen Highlights vom EMAG Stand. Viel Spa\u00df beim Anschauen.<\/p>\n<p>Fotos vom Messestand gibt es in<strong> <a href=\"https:\/\/www.emag.com\/blog\/besuch-emag-stand-amb\/\"><span style=\"color: #0000ff\">diesem Blogbeitrag.<\/span><\/a><\/strong><\/p>\n<p>&nbsp;<\/p>\n","protected":false},"excerpt":{"rendered":"<p>Eine erfolgreiche Messewoche auf der AMB liegt hinter uns. Laut Messe Stuttgart\u00a0war es die erfolgreichste AMB aller Zeiten. An f\u00fcnf Messetagen str\u00f6mten zahlreiche Besucher&hellip;<\/p>\n","protected":false},"author":2,"featured_media":1751,"comment_status":"open","ping_status":"open","sticky":false,"template":"","format":"video","meta":{"_lmt_disableupdate":"","_lmt_disable":"","editor_notices":[],"footnotes":""},"categories":[67,2021,40],"tags":[47,128,101,55],"class_list":["post-1748","post","type-post","status-publish","format-video","has-post-thumbnail","hentry","category-maschinen","category-success-story","category-technologien","tag-amb","tag-e-mobilitat","tag-elektromobilitat","tag-event","post_format-post-format-video"],"yoast_head":"<!-- This site is optimized with the Yoast SEO plugin v27.0 - https:\/\/yoast.com\/product\/yoast-seo-wordpress\/ -->\n<title>AMB-Video: EMAG auf der AMB verpasst? Unsere Highlights im Video.<\/title>\n<meta name=\"description\" content=\"Eine erfolgreiche AMB geht zu Ende. Hier im Video gibt es alle Highlights von EMAG noch einmal zusammengestellt: E-Mobilit\u00e4t, moderne Getriebe, Industrie4.0\" \/>\n<meta name=\"robots\" content=\"index, follow, max-snippet:-1, max-image-preview:large, max-video-preview:-1\" \/>\n<link rel=\"canonical\" href=\"https:\/\/www.emag.com\/blog\/video-amb-highlights-im-video\/\" \/>\n<meta property=\"og:locale\" content=\"de_DE\" \/>\n<meta property=\"og:type\" content=\"article\" \/>\n<meta property=\"og:title\" content=\"AMB-Video: EMAG auf der AMB verpasst? Unsere Highlights im Video.\" \/>\n<meta property=\"og:description\" content=\"Eine erfolgreiche AMB geht zu Ende. Hier im Video gibt es alle Highlights von EMAG noch einmal zusammengestellt: E-Mobilit\u00e4t, moderne Getriebe, Industrie4.0\" \/>\n<meta property=\"og:url\" content=\"https:\/\/www.emag.com\/blog\/video-amb-highlights-im-video\/\" \/>\n<meta property=\"og:site_name\" content=\"EMAG \u2013 Unser Unternehmensblog\" \/>\n<meta property=\"article:publisher\" content=\"https:\/\/www.facebook.com\/EMAGGroup\" \/>\n<meta property=\"article:published_time\" content=\"2018-09-28T07:28:18+00:00\" \/>\n<meta property=\"article:modified_time\" content=\"2025-02-25T08:17:51+00:00\" \/>\n<meta property=\"og:image\" content=\"https:\/\/www.emag.com\/blog\/wp-content\/uploads\/2018\/09\/EMAG-AMB-Video.jpg\" \/>\n\t<meta property=\"og:image:width\" content=\"1024\" \/>\n\t<meta property=\"og:image:height\" content=\"683\" \/>\n\t<meta property=\"og:image:type\" content=\"image\/jpeg\" \/>\n<meta name=\"author\" content=\"Markus Isgro\" \/>\n<meta name=\"twitter:card\" content=\"summary_large_image\" \/>\n<meta name=\"twitter:creator\" content=\"@EMAGGroup\" \/>\n<meta name=\"twitter:site\" content=\"@EMAGGroup\" \/>\n<meta name=\"twitter:label1\" content=\"Verfasst von\" \/>\n\t<meta name=\"twitter:data1\" content=\"Markus Isgro\" \/>\n\t<meta name=\"twitter:label2\" content=\"Gesch\u00e4tzte Lesezeit\" \/>\n\t<meta name=\"twitter:data2\" content=\"1\u00a0Minute\" \/>\n<script type=\"application\/ld+json\" class=\"yoast-schema-graph\">{\"@context\":\"https:\/\/schema.org\",\"@graph\":[{\"@type\":\"Article\",\"@id\":\"https:\/\/www.emag.com\/blog\/video-amb-highlights-im-video\/#article\",\"isPartOf\":{\"@id\":\"https:\/\/www.emag.com\/blog\/video-amb-highlights-im-video\/\"},\"author\":{\"name\":\"Markus Isgro\",\"@id\":\"https:\/\/www.emag.com\/blog\/#\/schema\/person\/b576ad5cbef0d4965bcaaea80d90f3a1\"},\"headline\":\"Video: Erfolgreiche AMB f\u00fcr EMAG \u2013 Unsere Highlights im Video\",\"datePublished\":\"2018-09-28T07:28:18+00:00\",\"dateModified\":\"2025-02-25T08:17:51+00:00\",\"mainEntityOfPage\":{\"@id\":\"https:\/\/www.emag.com\/blog\/video-amb-highlights-im-video\/\"},\"wordCount\":119,\"commentCount\":0,\"publisher\":{\"@id\":\"https:\/\/www.emag.com\/blog\/#organization\"},\"image\":{\"@id\":\"https:\/\/www.emag.com\/blog\/video-amb-highlights-im-video\/#primaryimage\"},\"thumbnailUrl\":\"https:\/\/www.emag.com\/blog\/wp-content\/uploads\/2018\/09\/EMAG-AMB-Video.jpg\",\"keywords\":[\"AMB\",\"E-Mobilit\u00e4t\",\"Elektromobilit\u00e4t\",\"event\"],\"articleSection\":[\"Maschinen\",\"Success Story\",\"Technologien\"],\"inLanguage\":\"de\",\"potentialAction\":[{\"@type\":\"CommentAction\",\"name\":\"Comment\",\"target\":[\"https:\/\/www.emag.com\/blog\/video-amb-highlights-im-video\/#respond\"]}]},{\"@type\":\"WebPage\",\"@id\":\"https:\/\/www.emag.com\/blog\/video-amb-highlights-im-video\/\",\"url\":\"https:\/\/www.emag.com\/blog\/video-amb-highlights-im-video\/\",\"name\":\"AMB-Video: EMAG auf der AMB verpasst? Unsere Highlights im Video.\",\"isPartOf\":{\"@id\":\"https:\/\/www.emag.com\/blog\/#website\"},\"primaryImageOfPage\":{\"@id\":\"https:\/\/www.emag.com\/blog\/video-amb-highlights-im-video\/#primaryimage\"},\"image\":{\"@id\":\"https:\/\/www.emag.com\/blog\/video-amb-highlights-im-video\/#primaryimage\"},\"thumbnailUrl\":\"https:\/\/www.emag.com\/blog\/wp-content\/uploads\/2018\/09\/EMAG-AMB-Video.jpg\",\"datePublished\":\"2018-09-28T07:28:18+00:00\",\"dateModified\":\"2025-02-25T08:17:51+00:00\",\"description\":\"Eine erfolgreiche AMB geht zu Ende. Hier im Video gibt es alle Highlights von EMAG noch einmal zusammengestellt: E-Mobilit\u00e4t, moderne Getriebe, Industrie4.0\",\"breadcrumb\":{\"@id\":\"https:\/\/www.emag.com\/blog\/video-amb-highlights-im-video\/#breadcrumb\"},\"inLanguage\":\"de\",\"potentialAction\":[{\"@type\":\"ReadAction\",\"target\":[\"https:\/\/www.emag.com\/blog\/video-amb-highlights-im-video\/\"]}]},{\"@type\":\"ImageObject\",\"inLanguage\":\"de\",\"@id\":\"https:\/\/www.emag.com\/blog\/video-amb-highlights-im-video\/#primaryimage\",\"url\":\"https:\/\/www.emag.com\/blog\/wp-content\/uploads\/2018\/09\/EMAG-AMB-Video.jpg\",\"contentUrl\":\"https:\/\/www.emag.com\/blog\/wp-content\/uploads\/2018\/09\/EMAG-AMB-Video.jpg\",\"width\":1024,\"height\":683,\"caption\":\"EMAG auf der AMB in Stuttgart - die Highlights.\"},{\"@type\":\"BreadcrumbList\",\"@id\":\"https:\/\/www.emag.com\/blog\/video-amb-highlights-im-video\/#breadcrumb\",\"itemListElement\":[{\"@type\":\"ListItem\",\"position\":1,\"name\":\"Startseite\",\"item\":\"https:\/\/www.emag.com\/blog\/\"},{\"@type\":\"ListItem\",\"position\":2,\"name\":\"Video: Erfolgreiche AMB f\u00fcr EMAG \u2013 Unsere Highlights im Video\"}]},{\"@type\":\"WebSite\",\"@id\":\"https:\/\/www.emag.com\/blog\/#website\",\"url\":\"https:\/\/www.emag.com\/blog\/\",\"name\":\"EMAG \u2013 Unser Unternehmensblog\",\"description\":\"Erfahre alles rund um die EMAG Gruppe\",\"publisher\":{\"@id\":\"https:\/\/www.emag.com\/blog\/#organization\"},\"potentialAction\":[{\"@type\":\"SearchAction\",\"target\":{\"@type\":\"EntryPoint\",\"urlTemplate\":\"https:\/\/www.emag.com\/blog\/?s={search_term_string}\"},\"query-input\":{\"@type\":\"PropertyValueSpecification\",\"valueRequired\":true,\"valueName\":\"search_term_string\"}}],\"inLanguage\":\"de\"},{\"@type\":\"Organization\",\"@id\":\"https:\/\/www.emag.com\/blog\/#organization\",\"name\":\"EMAG GmbH & Co. KG\",\"url\":\"https:\/\/www.emag.com\/blog\/\",\"logo\":{\"@type\":\"ImageObject\",\"inLanguage\":\"de\",\"@id\":\"https:\/\/www.emag.com\/blog\/#\/schema\/logo\/image\/\",\"url\":\"https:\/\/www.emag.com\/blog\/wp-content\/uploads\/2016\/12\/emag-logo-header2.png\",\"contentUrl\":\"https:\/\/www.emag.com\/blog\/wp-content\/uploads\/2016\/12\/emag-logo-header2.png\",\"width\":248,\"height\":72,\"caption\":\"EMAG GmbH & Co. KG\"},\"image\":{\"@id\":\"https:\/\/www.emag.com\/blog\/#\/schema\/logo\/image\/\"},\"sameAs\":[\"https:\/\/www.facebook.com\/EMAGGroup\",\"https:\/\/x.com\/EMAGGroup\"]},{\"@type\":\"Person\",\"@id\":\"https:\/\/www.emag.com\/blog\/#\/schema\/person\/b576ad5cbef0d4965bcaaea80d90f3a1\",\"name\":\"Markus Isgro\",\"image\":{\"@type\":\"ImageObject\",\"inLanguage\":\"de\",\"@id\":\"https:\/\/www.emag.com\/blog\/#\/schema\/person\/image\/\",\"url\":\"https:\/\/secure.gravatar.com\/avatar\/a314382243e9c1d63fe2d67811a959f78fc3e2e2e88a09ec96c60ffed008e10b?s=96&d=mm&r=g\",\"contentUrl\":\"https:\/\/secure.gravatar.com\/avatar\/a314382243e9c1d63fe2d67811a959f78fc3e2e2e88a09ec96c60ffed008e10b?s=96&d=mm&r=g\",\"caption\":\"Markus Isgro\"},\"sameAs\":[\"https:\/\/www.emag.com\"]}]}<\/script>\n<!-- \/ Yoast SEO plugin. -->","yoast_head_json":{"title":"AMB-Video: EMAG auf der AMB verpasst? Unsere Highlights im Video.","description":"Eine erfolgreiche AMB geht zu Ende. Hier im Video gibt es alle Highlights von EMAG noch einmal zusammengestellt: E-Mobilit\u00e4t, moderne Getriebe, Industrie4.0","robots":{"index":"index","follow":"follow","max-snippet":"max-snippet:-1","max-image-preview":"max-image-preview:large","max-video-preview":"max-video-preview:-1"},"canonical":"https:\/\/www.emag.com\/blog\/video-amb-highlights-im-video\/","og_locale":"de_DE","og_type":"article","og_title":"AMB-Video: EMAG auf der AMB verpasst? Unsere Highlights im Video.","og_description":"Eine erfolgreiche AMB geht zu Ende. Hier im Video gibt es alle Highlights von EMAG noch einmal zusammengestellt: E-Mobilit\u00e4t, moderne Getriebe, Industrie4.0","og_url":"https:\/\/www.emag.com\/blog\/video-amb-highlights-im-video\/","og_site_name":"EMAG \u2013 Unser Unternehmensblog","article_publisher":"https:\/\/www.facebook.com\/EMAGGroup","article_published_time":"2018-09-28T07:28:18+00:00","article_modified_time":"2025-02-25T08:17:51+00:00","og_image":[{"width":1024,"height":683,"url":"https:\/\/www.emag.com\/blog\/wp-content\/uploads\/2018\/09\/EMAG-AMB-Video.jpg","type":"image\/jpeg"}],"author":"Markus Isgro","twitter_card":"summary_large_image","twitter_creator":"@EMAGGroup","twitter_site":"@EMAGGroup","twitter_misc":{"Verfasst von":"Markus Isgro","Gesch\u00e4tzte Lesezeit":"1\u00a0Minute"},"schema":{"@context":"https:\/\/schema.org","@graph":[{"@type":"Article","@id":"https:\/\/www.emag.com\/blog\/video-amb-highlights-im-video\/#article","isPartOf":{"@id":"https:\/\/www.emag.com\/blog\/video-amb-highlights-im-video\/"},"author":{"name":"Markus Isgro","@id":"https:\/\/www.emag.com\/blog\/#\/schema\/person\/b576ad5cbef0d4965bcaaea80d90f3a1"},"headline":"Video: Erfolgreiche AMB f\u00fcr EMAG \u2013 Unsere Highlights im Video","datePublished":"2018-09-28T07:28:18+00:00","dateModified":"2025-02-25T08:17:51+00:00","mainEntityOfPage":{"@id":"https:\/\/www.emag.com\/blog\/video-amb-highlights-im-video\/"},"wordCount":119,"commentCount":0,"publisher":{"@id":"https:\/\/www.emag.com\/blog\/#organization"},"image":{"@id":"https:\/\/www.emag.com\/blog\/video-amb-highlights-im-video\/#primaryimage"},"thumbnailUrl":"https:\/\/www.emag.com\/blog\/wp-content\/uploads\/2018\/09\/EMAG-AMB-Video.jpg","keywords":["AMB","E-Mobilit\u00e4t","Elektromobilit\u00e4t","event"],"articleSection":["Maschinen","Success Story","Technologien"],"inLanguage":"de","potentialAction":[{"@type":"CommentAction","name":"Comment","target":["https:\/\/www.emag.com\/blog\/video-amb-highlights-im-video\/#respond"]}]},{"@type":"WebPage","@id":"https:\/\/www.emag.com\/blog\/video-amb-highlights-im-video\/","url":"https:\/\/www.emag.com\/blog\/video-amb-highlights-im-video\/","name":"AMB-Video: EMAG auf der AMB verpasst? Unsere Highlights im Video.","isPartOf":{"@id":"https:\/\/www.emag.com\/blog\/#website"},"primaryImageOfPage":{"@id":"https:\/\/www.emag.com\/blog\/video-amb-highlights-im-video\/#primaryimage"},"image":{"@id":"https:\/\/www.emag.com\/blog\/video-amb-highlights-im-video\/#primaryimage"},"thumbnailUrl":"https:\/\/www.emag.com\/blog\/wp-content\/uploads\/2018\/09\/EMAG-AMB-Video.jpg","datePublished":"2018-09-28T07:28:18+00:00","dateModified":"2025-02-25T08:17:51+00:00","description":"Eine erfolgreiche AMB geht zu Ende. Hier im Video gibt es alle Highlights von EMAG noch einmal zusammengestellt: E-Mobilit\u00e4t, moderne Getriebe, Industrie4.0","breadcrumb":{"@id":"https:\/\/www.emag.com\/blog\/video-amb-highlights-im-video\/#breadcrumb"},"inLanguage":"de","potentialAction":[{"@type":"ReadAction","target":["https:\/\/www.emag.com\/blog\/video-amb-highlights-im-video\/"]}]},{"@type":"ImageObject","inLanguage":"de","@id":"https:\/\/www.emag.com\/blog\/video-amb-highlights-im-video\/#primaryimage","url":"https:\/\/www.emag.com\/blog\/wp-content\/uploads\/2018\/09\/EMAG-AMB-Video.jpg","contentUrl":"https:\/\/www.emag.com\/blog\/wp-content\/uploads\/2018\/09\/EMAG-AMB-Video.jpg","width":1024,"height":683,"caption":"EMAG auf der AMB in Stuttgart - die Highlights."},{"@type":"BreadcrumbList","@id":"https:\/\/www.emag.com\/blog\/video-amb-highlights-im-video\/#breadcrumb","itemListElement":[{"@type":"ListItem","position":1,"name":"Startseite","item":"https:\/\/www.emag.com\/blog\/"},{"@type":"ListItem","position":2,"name":"Video: Erfolgreiche AMB f\u00fcr EMAG \u2013 Unsere Highlights im Video"}]},{"@type":"WebSite","@id":"https:\/\/www.emag.com\/blog\/#website","url":"https:\/\/www.emag.com\/blog\/","name":"EMAG \u2013 Unser Unternehmensblog","description":"Erfahre alles rund um die EMAG Gruppe","publisher":{"@id":"https:\/\/www.emag.com\/blog\/#organization"},"potentialAction":[{"@type":"SearchAction","target":{"@type":"EntryPoint","urlTemplate":"https:\/\/www.emag.com\/blog\/?s={search_term_string}"},"query-input":{"@type":"PropertyValueSpecification","valueRequired":true,"valueName":"search_term_string"}}],"inLanguage":"de"},{"@type":"Organization","@id":"https:\/\/www.emag.com\/blog\/#organization","name":"EMAG GmbH & Co. KG","url":"https:\/\/www.emag.com\/blog\/","logo":{"@type":"ImageObject","inLanguage":"de","@id":"https:\/\/www.emag.com\/blog\/#\/schema\/logo\/image\/","url":"https:\/\/www.emag.com\/blog\/wp-content\/uploads\/2016\/12\/emag-logo-header2.png","contentUrl":"https:\/\/www.emag.com\/blog\/wp-content\/uploads\/2016\/12\/emag-logo-header2.png","width":248,"height":72,"caption":"EMAG GmbH & Co. KG"},"image":{"@id":"https:\/\/www.emag.com\/blog\/#\/schema\/logo\/image\/"},"sameAs":["https:\/\/www.facebook.com\/EMAGGroup","https:\/\/x.com\/EMAGGroup"]},{"@type":"Person","@id":"https:\/\/www.emag.com\/blog\/#\/schema\/person\/b576ad5cbef0d4965bcaaea80d90f3a1","name":"Markus Isgro","image":{"@type":"ImageObject","inLanguage":"de","@id":"https:\/\/www.emag.com\/blog\/#\/schema\/person\/image\/","url":"https:\/\/secure.gravatar.com\/avatar\/a314382243e9c1d63fe2d67811a959f78fc3e2e2e88a09ec96c60ffed008e10b?s=96&d=mm&r=g","contentUrl":"https:\/\/secure.gravatar.com\/avatar\/a314382243e9c1d63fe2d67811a959f78fc3e2e2e88a09ec96c60ffed008e10b?s=96&d=mm&r=g","caption":"Markus Isgro"},"sameAs":["https:\/\/www.emag.com"]}]}},"_links":{"self":[{"href":"https:\/\/www.emag.com\/blog\/wp-json\/wp\/v2\/posts\/1748","targetHints":{"allow":["GET"]}}],"collection":[{"href":"https:\/\/www.emag.com\/blog\/wp-json\/wp\/v2\/posts"}],"about":[{"href":"https:\/\/www.emag.com\/blog\/wp-json\/wp\/v2\/types\/post"}],"author":[{"embeddable":true,"href":"https:\/\/www.emag.com\/blog\/wp-json\/wp\/v2\/users\/2"}],"replies":[{"embeddable":true,"href":"https:\/\/www.emag.com\/blog\/wp-json\/wp\/v2\/comments?post=1748"}],"version-history":[{"count":7,"href":"https:\/\/www.emag.com\/blog\/wp-json\/wp\/v2\/posts\/1748\/revisions"}],"predecessor-version":[{"id":3733,"href":"https:\/\/www.emag.com\/blog\/wp-json\/wp\/v2\/posts\/1748\/revisions\/3733"}],"wp:featuredmedia":[{"embeddable":true,"href":"https:\/\/www.emag.com\/blog\/wp-json\/wp\/v2\/media\/1751"}],"wp:attachment":[{"href":"https:\/\/www.emag.com\/blog\/wp-json\/wp\/v2\/media?parent=1748"}],"wp:term":[{"taxonomy":"category","embeddable":true,"href":"https:\/\/www.emag.com\/blog\/wp-json\/wp\/v2\/categories?post=1748"},{"taxonomy":"post_tag","embeddable":true,"href":"https:\/\/www.emag.com\/blog\/wp-json\/wp\/v2\/tags?post=1748"}],"curies":[{"name":"wp","href":"https:\/\/api.w.org\/{rel}","templated":true}]}}